{"id":4156,"date":"2022-08-23T00:50:30","date_gmt":"2022-08-22T21:50:30","guid":{"rendered":"https:\/\/bakiacil.com\/?p=4156"},"modified":"2023-08-30T22:20:58","modified_gmt":"2023-08-30T19:20:58","slug":"dogal-afetler-ve-afetlerin-riskleri","status":"publish","type":"post","link":"https:\/\/bakiacil.com\/en\/dogal-afetler-ve-afetlerin-riskleri.html","title":{"rendered":"Natural Disasters and the Risks of Disasters"},"content":{"rendered":"\n<p>Bu bitirmede ba\u015fta deprem olmak \u00fczere \u00fclkemizin maruz kald\u0131\u011f\u0131 sel, heyelan gibi \u00e7e\u015fitli afetlerin etkileri anlat\u0131lmaktad\u0131r.<\/p>\n\n\n\n<p>\u00dclkemiz en s\u0131k olarak deprem do\u011fal afetini ya\u015famaktad\u0131r. Deprem halen en \u00e7ok hasara yol a\u00e7an do\u011fal afet olarak bilinmektedir. Depremin yan\u0131 s\u0131ra di\u011fer do\u011fal afetler de T\u00fcrkiye i\u00e7in risk te\u015fkil etmektedir. T\u00fcrkiye\u2019de ya\u015fan\u0131lan heyelan, kaya d\u00fc\u015fmesi, nehir ta\u015fk\u0131nlar\u0131, \u00e7\u0131\u011f, kurakl\u0131k, \u00e7\u00f6lle\u015fme, k\u00fcresel \u0131s\u0131nma ve volkanizma gibi do\u011fal afetlere neden olan Jeolojik-<strong> Atmosferik olaylar hakk\u0131nda bilgi verilmi\u015ftir.<\/strong><\/p>\n\n\n\n<!--more-->\n\n\n\n<p>Afet y\u00f6netiminin T\u00fcrkiye\u2019de geli\u015ftirilmesinden sorumlu olan \u00fc\u00e7 ana organ bulunmaktad\u0131r. Bunlar, Ba\u015fbakanl\u0131\u011fa ba\u011fl\u0131 olan &#8220;T\u00fcrkiye Acil Durum Y\u00f6netimi Genel M\u00fcd\u00fcrl\u00fc\u011f\u00fc&#8221; (TAY), \u0130\u00e7i\u015fleri Bakanl\u0131\u011f\u0131\u2019na ba\u011fl\u0131 olan &#8220;Sivil Savunma Genel M\u00fcd\u00fcrl\u00fc\u011f\u00fc&#8221; (SSGM) ve Bay\u0131nd\u0131rl\u0131k ve \u0130sk\u00e2n Bakanl\u0131\u011f\u0131\u2019na ba\u011fl\u0131 olan &#8220;Afet \u0130\u015fleri Genel M\u00fcd\u00fcrl\u00fc\u011f\u00fc&#8221;d\u00fcr (AFET). Bir sivil toplum kurulu\u015fu olan T\u00fcrkiye K\u0131z\u0131lay Derne\u011fi, \u00fclkenin afet y\u00f6netim sistemi i\u00e7erisinde, \u00f6nemli g\u00f6rev ve sorumluluklar y\u00fcklenmi\u015f olan bir kurumdur. Bu sunu\u015fta T\u00fcrkiye\u2019deki afet y\u00f6netim sistemi hakk\u0131nda detayl\u0131 bilgi verilmektedir.<\/p>\n\n\n\n<h1 class=\"wp-block-heading\">Afet &#8211; Risk<\/h1>\n\n\n\n<p>\u0130nsanlar\u0131n beklemedi\u011fi ve kontrol edemedi\u011fi b\u00fcy\u00fckl\u00fckteki do\u011fal olaylara do\u011fal tehlike denir. Do\u011fal tehlikeler insanlar\u0131n ya\u015fam\u0131n\u0131 ve aktivitelerini tehdit ederek, ya\u015fam\u0131nda \u00f6nemli de\u011fi\u015fikliklere neden olabilirler.<\/p>\n\n\n\n<p>Bir do\u011fal tehlike, insanlar\u0131n mallar\u0131na zarar verdi\u011finde veya onlar\u0131n yaralanmas\u0131na ve\/veya \u00f6l\u00fcm\u00fcne neden oldu\u011funda Do\u011fal Afet\u2019e d\u00f6n\u00fc\u015f\u00fcr.<\/p>\n\n\n\n<p>Her insan ya\u015fam\u0131 boyunca en az bir kez bir do\u011fal afetle ve onlar\u0131n etkileriyle kar\u015f\u0131la\u015fabiliyor. 2001 y\u0131l\u0131nda d\u00fcnyada, do\u011fal afetler 25.000 insan\u0131n \u00f6l\u00fcm\u00fcne ve 40 milyar Euro zarara neden olmu\u015ftur. Ne yaz\u0131k ki, do\u011fal afetlerden kaynaklanan kay\u0131plar dramatik bir \u015fekilde artmaktad\u0131r (Learn-hazards, 2008).<\/p>\n\n\n\n<p>Do\u011fal afetlerin a\u00e7\u0131k bi\u00e7imde g\u00f6r\u00fclen do\u011frudan etkilerinin yan\u0131 s\u0131ra, bir\u00e7ok dolayl\u0131 etkisi de mevcuttur. Dolayl\u0131 etkiler a\u00e7\u0131k bir \u015fekilde g\u00f6r\u00fclmemesine ra\u011fmen, bir afetin zararlar\u0131n\u0131n giderilebilmesi i\u00e7in y\u0131llarca harcama yap\u0131lmas\u0131 gerekebilmektedir. Zararlar\u0131n tamamen giderilmesi m\u00fcmk\u00fcn olmay\u0131p, tehlikeler ya\u015fam tarz\u0131m\u0131z\u0131 de\u011fi\u015ftirebilirler (Learn-hazards, 2008).<\/p>\n\n\n\n<p>\u0130nsan aktiviteleri bazen do\u011fal tehlikelerin frekanslar\u0131n\u0131 ve etkilerini artt\u0131rabildi\u011fi i\u00e7in do\u011fal afetleri tan\u0131mak son derece \u00f6nemlidir. \u00d6rne\u011fin, durays\u0131z bir yamaca bina yapmak, yamaca etkiyen y\u00fcklerin artmas\u0131na ve yamac\u0131n kayma olas\u0131l\u0131\u011f\u0131n\u0131n armas\u0131na neden olacakt\u0131r. Do\u011fal tehlikelerin ya\u015fam\u0131m\u0131zdaki etkilerini azaltman\u0131n birinci a\u015famas\u0131 bir do\u011fal tehlikenin ne zaman, nerede, ni\u00e7in ve nas\u0131l olaca\u011f\u0131n\u0131 anlamakt\u0131r.<\/p>\n\n\n\n<p>Katastrofik do\u011fa olaylar\u0131na neden olan ba\u015fl\u0131ca fakt\u00f6rleri anlamak i\u00e7in bilim insanlar\u0131 sorunu disiplinler aras\u0131 bir yolla tan\u0131mlamak zorundad\u0131r. Do\u011fal tehlikelerle ilgili sorunlar\u0131 ara\u015ft\u0131rmak i\u00e7in a\u015fa\u011f\u0131daki y\u00f6ntemler kullan\u0131l\u0131r:<\/p>\n\n\n\n<ol class=\"wp-block-list\" type=\"a\"><li>: Bilim insanlar\u0131 bir do\u011fal tehlikenin nas\u0131l olu\u015ftu\u011funu anlamaya \u00e7al\u0131\u015f\u0131rlar. Bunu ba\u015farabilmek i\u00e7in bilim insanlar\u0131, do\u011fal afete neden olan fakt\u00f6rleri ara\u015ft\u0131r\u0131rlar ve afet olu\u015fum s\u00fcrecini modellerler. Burada ama\u00e7, farkl\u0131 \u00e7\u00f6z\u00fcmlerin ger\u00e7ek durumlara uygulanabilirli\u011fini ortaya koymakt\u0131r. \u00d6rne\u011fin, d\u00fcnyan\u0131n en aktif faylar\u0131ndan birisi olan Kuzey Anadolu Fay Zonu (KAFZ) \u00fczerinde yo\u011fun ara\u015ft\u0131rmalar halen devam etmektedir. Aktif faylar boyunca deprem olu\u015fum mekanizmas\u0131 hakk\u0131ndaki bilgilerimizin artt\u0131r\u0131lmas\u0131 bilimsel ara\u015ft\u0131rmalar\u0131n ama\u00e7lar\u0131ndan birisidir. KAFZ hakk\u0131ndaki yerel bilgilerin anla\u015f\u0131lmas\u0131, benzer di\u011fer alanlardaki sismik tehlikenin tan\u0131mlanmas\u0131na yard\u0131mc\u0131 olabilir.<\/li><li>: Uygulamal\u0131 ara\u015ft\u0131rmalar temel ara\u015ft\u0131rmalardan elde edilen sonu\u00e7lar\u0131n \u00e7e\u015fitli yollarla g\u00fcnl\u00fck ya\u015fama uygulanmas\u0131n\u0131 sa\u011flarlar. Ara\u015ft\u0131rmac\u0131lar riski azaltabilmek i\u00e7in bilimsel sonu\u00e7lar\u0131 kullan\u0131rlar.&nbsp; \u00d6rne\u011fin, heyelan mekanizmalar\u0131n\u0131n anla\u015f\u0131lmas\u0131na y\u00f6nelik geli\u015fmeler m\u00fchendislere yava\u015f veya ani geli\u015febilecek heyelanlara kar\u015f\u0131 daha b\u00fcy\u00fck, daha dayan\u0131kl\u0131 yap\u0131lar\u0131n tasar\u0131m\u0131nda yard\u0131mc\u0131 olur.<\/li><li><strong>: <\/strong><strong>\u00c7o\u011fu<\/strong> zaman, do\u011fal afetler birbirleriyle ili\u015fkilidir. Bir do\u011fal afet bir di\u011ferini izleyebilir. \u00d6rne\u011fin, bir volkanik patlama dikkate de\u011fer bir depreme veya tsunamiye neden olabilir, bunlar\u0131 takiben yang\u0131nlar, ta\u015fk\u0131nlar veya heyelanlar geli\u015febilir. Bilim insanlar\u0131 bu etkile\u015fimler aras\u0131ndaki \u015fifreleri \u00e7\u00f6zmeyi ve birle\u015fik tehlikelerden kaynaklanan kay\u0131plar\u0131 azaltmaya \u00e7al\u0131\u015f\u0131rlar.<\/li><\/ol>\n\n\n\n<p>Afetler genel olarak 2 ba\u015fl\u0131kta incelenir.<\/p>\n\n\n\n<ol class=\"wp-block-list\" type=\"a\"><li>Jeolojik tehlikeler<\/li><li><strong>Atmosferik tehlikeler<\/strong><strong><\/strong><\/li><\/ol>\n\n\n\n<p><strong>Afet t\u00fcrleri bu iki ba\u015fl\u0131k alt\u0131nda da belirli b\u00f6l\u00fcmlere ayr\u0131lmaktad\u0131r. Bu ara\u015ft\u0131rmada jeolojik riskleri ve bu risklerin detaylar\u0131n\u0131 y\u00fczeysel olarak irdelemeye \u00e7al\u0131\u015f\u0131l\u0131yor. Ara\u015ft\u0131rmada son olarak da afet y\u00f6netim sistemlerinden k\u0131saca bahsediliyor.<\/strong><\/p>\n\n\n\n<p><strong>1. <\/strong>Jeolojik tehlikeler<strong>:<\/strong> Jeolojik fakt\u00f6rlerle ilgili tehlikeleri kapsar:<\/p>\n\n\n\n<p>Bu tehlikeler:<\/p>\n\n\n\n<ol class=\"wp-block-list\" type=\"a\"><li>Depremler<\/li><li>Heyelanlar<\/li><li>Hidrolojik &#8211; meteorolojik risk<\/li><li>Nehir ta\u015fk\u0131nlar\u0131<\/li><li>\u00c7\u0131\u011f<\/li><li>Kurakl\u0131k<\/li><li>\u00c7\u00f6lle\u015fme<\/li><li>K\u00fcresel \u0131s\u0131nma<\/li><li>Tsunami<\/li><li>Volkanlar<\/li><\/ol>\n\n\n\n<p><strong>2. <\/strong>Atmosferik tehlikeler<strong>:<\/strong> Atmosferik fakt\u00f6rlerle ilgili tehlikeleri kapsar:<\/p>\n\n\n\n<p>Bu tehlikeler:<\/p>\n\n\n\n<ol class=\"wp-block-list\" type=\"a\"><li>Yang\u0131nlar<\/li><li>Y\u0131ld\u0131r\u0131ml\u0131 f\u0131rt\u0131nalar<\/li><li>Kar ve buz<\/li><li>Sis<\/li><\/ol>\n\n\n\n<p><strong><br><\/strong><\/p>\n\n\n\n<h1 class=\"wp-block-heading\">DEPREM R\u0130SK\u0130<\/h1>\n\n\n\n<p>D\u00fcnyan\u0131n olu\u015fumundan beri, sismik y\u00f6nden aktif bulunan b\u00f6lgelerde depremlerin ard\u0131\u015f\u0131kl\u0131 olarak olu\u015ftu\u011fu ve sonucundan da milyonlarca insan\u0131n ve bar\u0131naklar\u0131n yok oldu\u011fu bilinmektedir.<\/p>\n\n\n\n<p>Bilindi\u011fi gibi yurdumuz d\u00fcnyan\u0131n en etkin deprem ku\u015faklar\u0131ndan birinin \u00fczerinde bulunmaktad\u0131r. Ge\u00e7mi\u015fte yurdumuzda bir\u00e7ok y\u0131k\u0131c\u0131 depremler oldu\u011fu gibi, gelecekte de s\u0131k s\u0131k olu\u015facak depremlerle b\u00fcy\u00fck can ve mal kayb\u0131na u\u011frayaca\u011f\u0131m\u0131z bir ger\u00e7ektir.<\/p>\n\n\n\n<p>Deprem B\u00f6lgeleri Haritas\u0131&#8217;na g\u00f6re, yurdumuzun % 92&#8217;sinin deprem b\u00f6lgeleri i\u00e7erisinde oldu\u011fu, n\u00fcfusumuzun % 95&#8217;inin deprem tehlikesi alt\u0131nda ya\u015fad\u0131\u011f\u0131 ve ayr\u0131ca b\u00fcy\u00fck sanayi merkezlerinin % 98&#8217;i ve barajlar\u0131m\u0131z\u0131n % 93&#8217;\u00fcn\u00fcn deprem b\u00f6lgesinde bulundu\u011fu bilinmektedir.<\/p>\n\n\n\n<p>Son 58 y\u0131l i\u00e7erisinde depremlerden, 58.202 vatanda\u015f\u0131m\u0131z hayat\u0131n\u0131 kaybetmi\u015f, 122.096 ki\u015fi yaralanm\u0131\u015f ve yakla\u015f\u0131k olarak 411.465 bina y\u0131k\u0131lm\u0131\u015f veya a\u011f\u0131r hasar g\u00f6rm\u00fc\u015ft\u00fcr. Sonu\u00e7 olarak denilebilir ki, depremlerden her y\u0131l ortalama 1.003 vatanda\u015f\u0131m\u0131z \u00f6lmekte ve 7.094 bina y\u0131k\u0131lmaktad\u0131r (DAD, 2001).<\/p>\n\n\n\n<h4 class=\"wp-block-heading\">DEPREM NED\u0130R?<\/h4>\n\n\n\n<p>Yerkabu\u011fu i\u00e7indeki k\u0131r\u0131lmalar nedeniyle ani olarak ortaya \u00e7\u0131kan titre\u015fimlerin dalgalar halinde yay\u0131larak ge\u00e7tikleri ortamlar\u0131 ve yer y\u00fczeyini sarsma olay\u0131na &#8220;Deprem&#8221; denir.<\/p>\n\n\n\n<p>Deprem, insan\u0131n hareketsiz kabul etti\u011fi ve g\u00fcvenle aya\u011f\u0131n\u0131 bast\u0131\u011f\u0131 topra\u011f\u0131n da oynayaca\u011f\u0131n\u0131 ve \u00fczerinde bulunan t\u00fcm yap\u0131lar\u0131nda hasar g\u00f6r\u00fcp, can kayb\u0131na u\u011frayacak \u015fekilde y\u0131k\u0131labileceklerini g\u00f6steren bir do\u011fa olay\u0131d\u0131r (DAD, 2001).<\/p>\n\n\n\n<p>Depremin nas\u0131l olu\u015ftu\u011funu, deprem dalgalar\u0131n\u0131n yeryuvar\u0131 i\u00e7inde ne \u015fekilde yay\u0131ld\u0131klar\u0131n\u0131, \u00f6l\u00e7\u00fc aletleri ve y\u00f6ntemlerini, kay\u0131tlar\u0131n de\u011ferlendirilmesini ve deprem ile ilgili di\u011fer konular\u0131 inceleyen bilim dal\u0131na &#8220;Sismoloji&#8221; denir (DAD, 2001)&nbsp;&nbsp;&nbsp; (\u015eekil &#8211; 1).<\/p>\n\n\n\n<figure class=\"wp-block-image size-full is-resized\"><a href=\"https:\/\/bakiacil.com\/wp-content\/uploads\/2022\/07\/yer-kabugu-hareketi.png\" data-lbwps-width=\"360\" data-lbwps-height=\"135\" data-lbwps-srcsmall=\"https:\/\/bakiacil.com\/wp-content\/uploads\/2022\/07\/yer-kabugu-hareketi.png\"><img loading=\"lazy\" decoding=\"async\" src=\"https:\/\/bakiacil.com\/wp-content\/uploads\/2022\/07\/yer-kabugu-hareketi.png?v=1658005790\" alt=\"\" class=\"wp-image-4157\" width=\"675\" height=\"253\" srcset=\"https:\/\/bakiacil.com\/wp-content\/uploads\/2022\/07\/yer-kabugu-hareketi.png?v=1658005790 360w, https:\/\/bakiacil.com\/wp-content\/uploads\/2022\/07\/yer-kabugu-hareketi-300x113.png?v=1658005790 300w\" sizes=\"auto, (max-width: 675px) 100vw, 675px\" \/><\/a><figcaption><a>\u015eekil <\/a>1 &#8211; Yer Kabu\u011fu Hareketinin \u015eematik Anlat\u0131m\u0131 (DAD, 2001).<\/figcaption><\/figure>\n\n\n\n<h4 class=\"wp-block-heading\">DEPREM\u0130N OLU\u015e NEDENLER\u0130 VE FAYLAR<\/h4>\n\n\n\n<p>D\u00fcnyan\u0131n i\u00e7yap\u0131s\u0131 konusunda, jeolojik ve jeofizik \u00e7al\u0131\u015fmalar sonucu elde edilen verilerin destekledi\u011fi bir yery\u00fcz\u00fc modeli bulunmaktad\u0131r. Bu modele g\u00f6re, yerk\u00fcrenin d\u0131\u015f k\u0131sm\u0131nda yakla\u015f\u0131k 70-100 km kal\u0131nl\u0131\u011f\u0131nda olu\u015fmu\u015f bir ta\u015f k\u00fcre (Litosfer) vard\u0131r. K\u0131talar ve okyanuslar bu ta\u015fk\u00fcrede yer al\u0131r. Litosfer ile \u00e7ekirdek aras\u0131nda kalan ve kal\u0131nl\u0131\u011f\u0131 2.900 km olan ku\u015fa\u011fa Manto ad\u0131 verilir. Manto&#8217;nun alt\u0131ndaki \u00e7ekirde\u011fin Nikel-Demir kar\u0131\u015f\u0131m\u0131ndan olu\u015ftu\u011fu kabul edilmektedir. Yerin, y\u00fczeyden derine gidildik\u00e7e \u0131s\u0131n\u0131n artt\u0131\u011f\u0131 bilinmektedir. Enine deprem dalgalar\u0131n\u0131n yerin \u00e7ekirde\u011finde yay\u0131lamad\u0131\u011f\u0131 olgusundan giderek \u00e7ekirde\u011fin s\u0131v\u0131 bir ortam olmas\u0131 gerekti\u011fi sonucuna var\u0131lmaktad\u0131r.<\/p>\n\n\n\n<p>Manto genelde kat\u0131 olmakla beraber y\u00fczeyden derine inildik\u00e7e i\u00e7inde yerel s\u0131v\u0131 ortamlar\u0131 bulundurmaktad\u0131r.<\/p>\n\n\n\n<p>Ta\u015fk\u00fcre&#8217;nin alt\u0131nda Astenosfer denilen yumu\u015fak \u00dcst Manto bulunmaktad\u0131r. Burada olu\u015fan kuvvetler, \u00f6zellikle konveksiyon ak\u0131mlar\u0131 nedeni ile ta\u015f kabuk par\u00e7alanmakta ve bir\u00e7ok &#8220;Levha&#8221;lara b\u00f6l\u00fcnmektedir. \u00dcst Manto&#8217;da olu\u015fan konveksiyon ak\u0131mlar\u0131, radyoaktivite nedeni ile olu\u015fan y\u00fcksek \u0131s\u0131ya ba\u011flanmaktad\u0131r. Konveksiyon ak\u0131mlar\u0131 yukar\u0131lara y\u00fckseldik\u00e7e ta\u015f yuvarda gerilmelere ve daha sonra da zay\u0131f zonlar\u0131n k\u0131r\u0131lmas\u0131yla levhalar\u0131n olu\u015fmas\u0131na neden olmaktad\u0131r. Halen 10 kadar b\u00fcy\u00fck levha ve \u00e7ok say\u0131da k\u00fc\u00e7\u00fck levhalar vard\u0131r. Bu levhalar \u00fczerinde duran k\u0131talarla birlikte, Astenosfer \u00fczerinde sal gibi y\u00fczmekte olup, birbirlerine g\u00f6re insanlar\u0131n hissedemeyece\u011fi bir h\u0131zla hareket etmektedirler.<\/p>\n\n\n\n<p>Konveksiyon ak\u0131mlar\u0131n\u0131n y\u00fckseldi\u011fi yerlerde levhalar birbirlerinden uzakla\u015fmakta ve buradan \u00e7\u0131kan s\u0131cak magmada okyanus ortas\u0131 s\u0131rtlar\u0131n\u0131 olu\u015fturmaktad\u0131r. Levhalar\u0131n birbirlerine de\u011fdikleri b\u00f6lgelerde s\u00fcrt\u00fcnmeler ve s\u0131k\u0131\u015fmalar olmakta, s\u00fcrt\u00fcnen levhalardan biri a\u015fa\u011f\u0131ya Manto&#8217;ya batmakta ve eriyerek yitme zonlar\u0131n\u0131 olu\u015fturmaktad\u0131r. Konveksiyon ak\u0131mlar\u0131n\u0131n neden oldu\u011fu bu ard\u0131\u015f\u0131kl\u0131 olay ta\u015fk\u00fcrenin alt\u0131nda devam edip gitmektedir.<\/p>\n\n\n\n<p>\u0130\u015fte yerkabu\u011funu olu\u015fturan levhalar\u0131n birbirine s\u00fcrt\u00fcnd\u00fckleri, birbirlerini s\u0131k\u0131\u015ft\u0131rd\u0131klar\u0131, birbirlerinin \u00fcst\u00fcne \u00e7\u0131kt\u0131klar\u0131 ya da alt\u0131na girdikleri bu levhalar\u0131n s\u0131n\u0131rlar\u0131 d\u00fcnyada depremlerin olduklar\u0131 yerler olarak kar\u015f\u0131m\u0131za \u00e7\u0131kmaktad\u0131r. D\u00fcnyada olan depremlerin hemen b\u00fcy\u00fck \u00e7o\u011funlu\u011fu bu levhalar\u0131n birbirlerini zorlad\u0131klar\u0131 levha s\u0131n\u0131rlar\u0131nda dar ku\u015faklar \u00fczerinde olu\u015fmaktad\u0131r.<\/p>\n\n\n\n<p>Yukar\u0131da, yerkabu\u011funu olu\u015fturan &#8220;Levha&#8221;lar\u0131n, Astenosfer deki konveksiyon ak\u0131mlar\u0131 nedeniyle hareket halinde olduklar\u0131n\u0131 ve bu nedenle birbirlerini ittiklerini veya birbirlerinden a\u00e7\u0131ld\u0131klar\u0131n\u0131 ve bu olaylar\u0131n meydana geldi\u011fi zonlar\u0131n da deprem b\u00f6lgelerini olu\u015fturdu\u011funu s\u00f6ylemi\u015ftik.<\/p>\n\n\n\n<p>Birbirlerini iten ya da di\u011ferinin alt\u0131na giren iki levha aras\u0131nda, harekete engel olan bir s\u00fcrt\u00fcnme kuvveti vard\u0131r. Bir levhan\u0131n hareket edebilmesi i\u00e7in bu s\u00fcrt\u00fcnme kuvvetinin giderilmesi gerekir.<\/p>\n\n\n\n<p>\u0130tilmekte olan bir levha ile bir di\u011fer levha aras\u0131nda s\u00fcrt\u00fcnme kuvveti a\u015f\u0131ld\u0131\u011f\u0131 zaman bir hareket olu\u015fur. Bu hareket \u00e7ok k\u0131sa bir zaman biriminde ger\u00e7ekle\u015fir ve \u015fok niteli\u011findedir. Sonunda \u00e7ok uzaklara kadar yay\u0131labilen deprem (sars\u0131nt\u0131) dalgalar\u0131 ortaya \u00e7\u0131kar. Bu dalgalar ge\u00e7ti\u011fi ortamlar\u0131 sarsarak ve depremin olu\u015f y\u00f6n\u00fcnden uzakla\u015ft\u0131k\u00e7a enerjisi azalarak yay\u0131l\u0131r. Bu s\u0131rada yery\u00fcz\u00fcnde, bazen g\u00f6zle g\u00f6r\u00fclebilen, kilometrelerce uzanabilen ve FAY ad\u0131 verilen arazi k\u0131r\u0131klar\u0131 olu\u015fabilir. Bu k\u0131r\u0131klar bazen yery\u00fcz\u00fcnde g\u00f6zlenemez, y\u00fczey tabakalar\u0131 ile gizlenmi\u015f olabilir. Bazen de eski bir depremden olu\u015fmu\u015f ve yery\u00fcz\u00fcne kadar \u00e7\u0131km\u0131\u015f, ancak zamanla \u00f6rt\u00fclm\u00fc\u015f bir fay yeniden oynayabilir.<\/p>\n\n\n\n<p>Depremlerinin olu\u015fumunun bu \u015fekilde ve &#8220;Elastik Geri Sekme Kuram\u0131&#8221; ad\u0131 alt\u0131nda anlat\u0131m\u0131 1911 y\u0131l\u0131nda Amerikal\u0131 Reid taraf\u0131ndan yap\u0131lm\u0131\u015ft\u0131r ve laboratuarlarda da denenerek ispatlanm\u0131\u015ft\u0131r.<\/p>\n\n\n\n<p>Bu kurama g\u00f6re, herhangi bir noktada, zamana ba\u011f\u0131ml\u0131 olarak, yava\u015f yava\u015f olu\u015fan birim deformasyon birikiminin elastik olarak depolad\u0131\u011f\u0131 enerji, kritik bir de\u011fere eri\u015fti\u011finde, fay d\u00fczlemi boyunca var olan s\u00fcrt\u00fcnme kuvvetini yenerek, fay \u00e7izgisinin her iki taraf\u0131ndaki kaya\u00e7 bloklar\u0131n\u0131n birbirine g\u00f6reli hareketlerini olu\u015fturmaktad\u0131r. Bu olay ani yer de\u011fi\u015ftirme hareketidir. Bu ani yer de\u011fi\u015ftirmeler ise bir noktada biriken birim deformasyon enerjisinin a\u00e7\u0131\u011fa \u00e7\u0131kmas\u0131, bo\u015falmas\u0131, di\u011fer bir deyi\u015fle mekanik enerjiye d\u00f6n\u00fc\u015fmesi ile ve sonu\u00e7 olarak yer katmanlar\u0131n\u0131n k\u0131r\u0131lma ve y\u0131rt\u0131lma hareketi ile olmaktad\u0131r.<\/p>\n\n\n\n<p>Asl\u0131nda kayalar\u0131n, \u00f6nceden bir birim yer de\u011fi\u015ftirme birikimine u\u011framadan k\u0131r\u0131lmalar\u0131 olanaks\u0131zd\u0131r. Bu birim yer de\u011fi\u015ftirme hareketlerini, hareketsiz g\u00f6r\u00fclen yerkabu\u011funda, \u00fcst mantoda olu\u015fan konveksiyon ak\u0131mlar\u0131 olu\u015fturmakta, kayalar belirli bir deformasyona kadar dayan\u0131kl\u0131l\u0131k g\u00f6sterebilmekte ve sonrada k\u0131r\u0131lmaktad\u0131r. \u0130\u015fte bu k\u0131r\u0131lmalar sonucu depremler olu\u015fmaktad\u0131r. Bu olaydan sonra da kayalardan uzak zamandan beri birikmi\u015f olan gerilmelerin ve enerjinin bir k\u0131sm\u0131 ya da tamam\u0131 giderilmi\u015f olmaktad\u0131r.<\/p>\n\n\n\n<p>\u00c7o\u011funlukla bu deprem olay\u0131 esnas\u0131nda olu\u015fan faylarda, elastik geri sekmeler (at\u0131m), fay\u0131n her iki taraf\u0131nda ve ters y\u00f6nde olu\u015fmaktad\u0131rlar.<\/p>\n\n\n\n<p>Faylar genellikle hareket y\u00f6nlerine g\u00f6re isimlendirilirler. Daha \u00e7ok yatay hareket sonucu meydana gelen faylara &#8220;Do\u011frultu At\u0131ml\u0131 Fay&#8221; denir. Fay\u0131n olu\u015fturdu\u011fu iki ayr\u0131 blo\u011fun birbirlerine g\u00f6reli olarak sa\u011fa veya sola hareketlerinden de bahsedilebilinir ki bunlar sa\u011f veya sol y\u00f6nl\u00fc do\u011frultulu at\u0131ml\u0131 faya bir \u00f6rnektir (\u015eekil-2).<\/p>\n\n\n\n<div class=\"wp-block-columns is-layout-flex wp-container-core-columns-is-layout-9d6595d7 wp-block-columns-is-layout-flex\">\n<div class=\"wp-block-column is-layout-flow wp-block-column-is-layout-flow\">\n<figure class=\"wp-block-image size-full\"><a href=\"https:\/\/bakiacil.com\/wp-content\/uploads\/2022\/07\/normal-fay.jpg\" data-lbwps-width=\"163\" data-lbwps-height=\"116\" data-lbwps-srcsmall=\"https:\/\/bakiacil.com\/wp-content\/uploads\/2022\/07\/normal-fay.jpg\"><img loading=\"lazy\" decoding=\"async\" width=\"163\" height=\"116\" src=\"https:\/\/bakiacil.com\/wp-content\/uploads\/2022\/07\/normal-fay.jpg?v=1658005963\" alt=\"\" class=\"wp-image-4158\"\/><\/a><figcaption>normal fay<\/figcaption><\/figure>\n<\/div>\n\n\n\n<div class=\"wp-block-column is-layout-flow wp-block-column-is-layout-flow\">\n<figure class=\"wp-block-image size-full\"><a href=\"https:\/\/bakiacil.com\/wp-content\/uploads\/2022\/07\/ters-fay.jpg\" data-lbwps-width=\"162\" data-lbwps-height=\"115\" data-lbwps-srcsmall=\"https:\/\/bakiacil.com\/wp-content\/uploads\/2022\/07\/ters-fay.jpg\"><img loading=\"lazy\" decoding=\"async\" width=\"162\" height=\"115\" src=\"https:\/\/bakiacil.com\/wp-content\/uploads\/2022\/07\/ters-fay.jpg?v=1658005979\" alt=\"\" class=\"wp-image-4159\"\/><\/a><figcaption>ters fay<\/figcaption><\/figure>\n<\/div>\n\n\n\n<div class=\"wp-block-column is-layout-flow wp-block-column-is-layout-flow\">\n<figure class=\"wp-block-image size-full\"><a href=\"https:\/\/bakiacil.com\/wp-content\/uploads\/2022\/07\/atimli-fay.jpg\" data-lbwps-width=\"163\" data-lbwps-height=\"116\" data-lbwps-srcsmall=\"https:\/\/bakiacil.com\/wp-content\/uploads\/2022\/07\/atimli-fay.jpg\"><img loading=\"lazy\" decoding=\"async\" width=\"163\" height=\"116\" src=\"https:\/\/bakiacil.com\/wp-content\/uploads\/2022\/07\/atimli-fay.jpg?v=1658005984\" alt=\"\" class=\"wp-image-4160\"\/><\/a><figcaption>at\u0131ml\u0131 fay<\/figcaption><\/figure>\n<\/div>\n<\/div>\n\n\n\n<div class=\"wp-block-columns is-layout-flex wp-container-core-columns-is-layout-9d6595d7 wp-block-columns-is-layout-flex\">\n<div class=\"wp-block-column is-layout-flow wp-block-column-is-layout-flow\">\n<figure class=\"wp-block-image size-full\"><a href=\"https:\/\/bakiacil.com\/wp-content\/uploads\/2022\/07\/Cokuntu.jpg\" data-lbwps-width=\"215\" data-lbwps-height=\"122\" data-lbwps-srcsmall=\"https:\/\/bakiacil.com\/wp-content\/uploads\/2022\/07\/Cokuntu.jpg\"><img loading=\"lazy\" decoding=\"async\" width=\"215\" height=\"122\" src=\"https:\/\/bakiacil.com\/wp-content\/uploads\/2022\/07\/Cokuntu.jpg?v=1658006044\" alt=\"\" class=\"wp-image-4161\"\/><\/a><figcaption>\u00c7\u00f6k\u00fcnt\u00fc: \u0130ki normal faylanma aras\u0131ndaki Blo\u011fun \u00e7\u00f6kmesi sonucu olu\u015fur<\/figcaption><\/figure>\n<\/div>\n\n\n\n<div class=\"wp-block-column is-layout-flow wp-block-column-is-layout-flow\">\n<figure class=\"wp-block-image size-full\"><a href=\"https:\/\/bakiacil.com\/wp-content\/uploads\/2022\/07\/Yukselti.jpg\" data-lbwps-width=\"217\" data-lbwps-height=\"123\" data-lbwps-srcsmall=\"https:\/\/bakiacil.com\/wp-content\/uploads\/2022\/07\/Yukselti.jpg\"><img loading=\"lazy\" decoding=\"async\" width=\"217\" height=\"123\" src=\"https:\/\/bakiacil.com\/wp-content\/uploads\/2022\/07\/Yukselti.jpg?v=1658006059\" alt=\"\" class=\"wp-image-4162\"\/><\/a><figcaption>Y\u00fckselti: \u0130ki normal faylanma aras\u0131nda Y\u00fcksekte kalan blo\u011fa denir<\/figcaption><\/figure>\n<\/div>\n<\/div>\n\n\n\n<p class=\"has-text-align-center has-small-font-size\">\u015eekil-2 Fay \u00e7e\u015fitleri ve olu\u015fumunu g\u00f6steren \u015fekiller (DAD, 2001)<\/p>\n\n\n\n<p>D\u00fc\u015fey hareketlerle meydana gelen faylara da &#8220;E\u011fim At\u0131ml\u0131 Fay&#8221; denir. Faylar\u0131n \u00e7o\u011funda hem yatay, hem de d\u00fc\u015fey hareket bulunabilir (DAD, 2001).<\/p>\n\n\n\n<h3 class=\"wp-block-heading\">DEPREM T\u00dcRLER\u0130<\/h3>\n\n\n\n<p>Depremler olu\u015f nedenlerine g\u00f6re de\u011fi\u015fik t\u00fcrlerde olabilir. D\u00fcnyada olan depremlerin b\u00fcy\u00fck bir b\u00f6l\u00fcm\u00fc yukar\u0131da anlat\u0131lan bi\u00e7imde olu\u015fmakla birlikte az miktarda da olsa ba\u015fka do\u011fal nedenlerle de olan deprem t\u00fcrleri bulunmaktad\u0131r. Yukar\u0131da anlat\u0131lan levhalar\u0131n hareketi sonucu olan depremler genellikle &#8220;Tektonik&#8221; depremler olarak nitelenir ve bu depremler \u00e7o\u011funlukla levhalar s\u0131n\u0131rlar\u0131nda olu\u015furlar. Yery\u00fcz\u00fcnde olan depremlerin % 90&#8217;\u0131 bu gruba girer. T\u00fcrkiye&#8217;de olan depremler de b\u00fcy\u00fck \u00e7o\u011funlukla tektonik depremlerdir. \u0130kinci tip depremler &#8220;Volkanik&#8221; depremlerdir. Bunlar volkanlar\u0131n p\u00fcsk\u00fcrmesi sonucu olu\u015furlar. Yerin derinliklerinde ergimi\u015f maddenin yery\u00fcz\u00fcne \u00e7\u0131k\u0131\u015f\u0131 s\u0131ras\u0131ndaki fiziksel ve kimyasal olaylar sonucunda olu\u015fan gazlar\u0131n yapm\u0131\u015f olduklar\u0131 patlamalarla bu t\u00fcr depremlerin meydana geldi\u011fi bilinmektedir. Bunlar da yanarda\u011flarla ilgili olduklar\u0131ndan yereldirler ve \u00f6nemli zarara neden olmazlar. Japonya ve \u0130talya&#8217;da olu\u015fan depremlerin bir k\u0131sm\u0131 bu gruba girmektedir. Deniz i\u00e7inde olu\u015fan depremler ise tsunamilere neden olmaktad\u0131r (Foto-1).<\/p>\n\n\n<div class=\"wp-block-image\">\n<figure class=\"aligncenter size-full is-resized\"><a href=\"https:\/\/bakiacil.com\/wp-content\/uploads\/2022\/07\/Midway-2007-tsunami.jpg\" data-lbwps-width=\"370\" data-lbwps-height=\"450\" data-lbwps-srcsmall=\"https:\/\/bakiacil.com\/wp-content\/uploads\/2022\/07\/Midway-2007-tsunami.jpg\"><img loading=\"lazy\" decoding=\"async\" src=\"https:\/\/bakiacil.com\/wp-content\/uploads\/2022\/07\/Midway-2007-tsunami.jpg?v=1658006167\" alt=\"\" class=\"wp-image-4163\" width=\"354\" height=\"431\" srcset=\"https:\/\/bakiacil.com\/wp-content\/uploads\/2022\/07\/Midway-2007-tsunami.jpg?v=1658006167 370w, https:\/\/bakiacil.com\/wp-content\/uploads\/2022\/07\/Midway-2007-tsunami-247x300.jpg?v=1658006167 247w\" sizes=\"auto, (max-width: 354px) 100vw, 354px\" \/><\/a><figcaption><a>Foto <\/a>1 &#8211; Midway 2007 tsunami (National weather service, 2007).<\/figcaption><\/figure><\/div>\n\n\n<p>Bir ba\u015fka tip depremler de &#8220;\u00c7\u00f6k\u00fcnt\u00fc&#8221; depremlerdir. Bunlar yer alt\u0131ndaki bo\u015fluklar\u0131n (ma\u011fara), k\u00f6m\u00fcr ocaklar\u0131nda galerilerin, tuz ve jipsli arazilerde erime sonucu olu\u015fan bo\u015fluklar\u0131 tavan blo\u011funun \u00e7\u00f6kmesi ile olu\u015furlar. Hissedilme alanlar\u0131 yerel olup enerjileri azd\u0131r fazla zarar getirmezler. B\u00fcy\u00fck heyelanlar ve g\u00f6kten d\u00fc\u015fen meteorlar\u0131n da k\u00fc\u00e7\u00fck sars\u0131nt\u0131lara neden oldu\u011fu bilinmektedir.<\/p>\n\n\n\n<p>Oda\u011f\u0131 deniz dibinde olan Derin Deniz Depremlerinden sonra, denizlerde k\u0131y\u0131lara kadar olu\u015fan ve bazen k\u0131y\u0131larda b\u00fcy\u00fck hasarlara neden olan dalgalar olu\u015fur ki bunlara (Tsunami) denir. Deniz depremlerinin \u00e7ok g\u00f6r\u00fcld\u00fc\u011f\u00fc Japonya&#8217;da Tsunami&#8217;den 1896 y\u0131l\u0131nda 30.000 ki\u015fi \u00f6lm\u00fc\u015ft\u00fcr. (DAD, 2001).<\/p>\n\n\n\n<h4 class=\"wp-block-heading\">DEPREMLER\u0130N ETK\u0130LER\u0130 NELERD\u0130R?<\/h4>\n\n\n\n<p>D\u00fcnyada her g\u00fcn deprem olmaktad\u0131r, ancak bunlar\u0131n \u00f6nemli bir b\u00f6l\u00fcm\u00fc \u00e7ok k\u00fc\u00e7\u00fck olup, hasara neden olmazlar. Bununla birlikte, b\u00fcy\u00fckl\u00fcklerine ba\u011fl\u0131 olarak, depremler a\u011f\u0131r hasarlara ve can kay\u0131plar\u0131na yol a\u00e7abilirler (Foto-2). B\u00fcy\u00fck depremler, a\u015fa\u011f\u0131da belirtilen etkileriyle ciddi tahribata ve \u00f6nemli d\u00fczeyde can kayb\u0131na neden olurlar:<\/p>\n\n\n\n<ul class=\"wp-block-list\"><li>Fay (y\u00fczey) k\u0131r\u0131\u011f\u0131.<\/li><li>Sars\u0131c\u0131 yer hareketi (\u00f6rne\u011fin; sallanma).<\/li><li>Su bask\u0131n\u0131 (\u00f6rne\u011fin; Tsunami, baraj y\u0131k\u0131lmas\u0131).<\/li><li>De\u011fi\u015fik t\u00fcrde kal\u0131c\u0131 zemin deformasyonlar\u0131 (\u00f6rne\u011fin; s\u0131v\u0131la\u015fma, heyelan).<\/li><li>Yang\u0131n ve zararl\u0131 maddelerin a\u00e7\u0131\u011fa \u00e7\u0131kmas\u0131.<\/li><\/ul>\n\n\n<div class=\"wp-block-image\">\n<figure class=\"aligncenter size-full\"><a href=\"https:\/\/bakiacil.com\/wp-content\/uploads\/2022\/07\/adapazari-sivilasma.jpg\" data-lbwps-width=\"503\" data-lbwps-height=\"334\" data-lbwps-srcsmall=\"https:\/\/bakiacil.com\/wp-content\/uploads\/2022\/07\/adapazari-sivilasma.jpg\"><img loading=\"lazy\" decoding=\"async\" width=\"503\" height=\"334\" src=\"https:\/\/bakiacil.com\/wp-content\/uploads\/2022\/07\/adapazari-sivilasma.jpg?v=1658006227\" alt=\"\" class=\"wp-image-4164\" srcset=\"https:\/\/bakiacil.com\/wp-content\/uploads\/2022\/07\/adapazari-sivilasma.jpg?v=1658006227 503w, https:\/\/bakiacil.com\/wp-content\/uploads\/2022\/07\/adapazari-sivilasma-300x199.jpg?v=1658006227 300w\" sizes=\"auto, (max-width: 503px) 100vw, 503px\" \/><\/a><figcaption><a>Foto <\/a>2 &#8211; Adapazar\u0131\u2019nda s\u0131v\u0131la\u015fma nedeniyle geriye yatm\u0131\u015f bir bina. Bunun gibi ikincil deprem etkileri depremin kendisinden daha \u00e7ok tahrip edici olabilmektedir (Anatolian, 1999)<\/figcaption><\/figure><\/div>\n\n\n<p>Herhangi bir depremde yukar\u0131da belirtilen etkilerden herhangi biri bask\u0131n olabilir ve ge\u00e7mi\u015f depremlerde bu etkilerden herhangi biri&nbsp; hasara ve b\u00fcy\u00fck can kayb\u0131na neden olmu\u015ftur. Ancak \u00e7ok say\u0131da deprem dikkate al\u0131nd\u0131\u011f\u0131nda bu etkiler aras\u0131nda sallanma en bask\u0131n olan etkidir ve yayg\u0131n \u015fekilde hasara neden olmu\u015ftur. Genel olarak depremlerin baz\u0131 olumlu y\u00f6nlerinin oldu\u011funu s\u00f6ylemek \u00e7ok zordur. Karar vericilerin uzun d\u00f6nemde depreme duyarl\u0131 b\u00f6lgelerde iyile\u015ftirme amac\u0131yla parasal kaynak bulma konusundaki \u00e7abalar\u0131n\u0131&nbsp; da belirtmek gerekir (Sh\u0131eld, 2007).<\/p>\n\n\n\n<h4 class=\"wp-block-heading\">NE ZAMAN, NE \u015e\u0130DDETTE DEPREM OLAB\u0130L\u0130R?<\/h4>\n\n\n\n<p>Bu, bilim insanlar\u0131n\u0131 en fazla s\u0131k\u0131\u015ft\u0131ran ve tam olarak yan\u0131tlanamayan bir sorudur. Bu sorunun kesin bir yan\u0131t\u0131 yoktur. Yerel jeotektonik ko\u015fulara ba\u011fl\u0131d\u0131r. Ara\u015ft\u0131rmac\u0131lar b\u00fcy\u00fck depremler i\u00e7in tekrarlanma aral\u0131\u011f\u0131n\u0131 belirlemeye \u00e7al\u0131\u015f\u0131rlar, b\u00f6ylece herhangi bir saha i\u00e7in tehlikeyi belirleme a\u00e7\u0131s\u0131ndan en uygun y\u00f6ntemi tan\u0131mlarlar. Bu amaca ula\u015fmak i\u00e7in bilim insanlar\u0131; sismoloji, jeoloji, arkeoloji vb. gibi bilim dallar\u0131ndan alabilecekleri t\u00fcm deste\u011fi kullan\u0131rlar (Sh\u0131eld, 2007).<\/p>\n\n\n\n<h4 class=\"wp-block-heading\">DEPREM\u0130N D\u0130\u011eER \u00d6ZELL\u0130KLER\u0130<\/h4>\n\n\n\n<p>Bazen b\u00fcy\u00fck bir deprem olmadan \u00f6nce k\u00fc\u00e7\u00fck sars\u0131nt\u0131lar olur. Bu k\u00fc\u00e7\u00fck sars\u0131nt\u0131lara &#8220;\u00d6nc\u00fc Depremler&#8221; denilmektedir. B\u00fcy\u00fck bir depremin olu\u015fundan sonra da belki birka\u00e7 y\u00fcz adet k\u00fc\u00e7\u00fck deprem olmaya devam etmektedir. Bu k\u00fc\u00e7\u00fck depremler &#8220;Art\u00e7\u0131 Depremler&#8221; olarak isimlendirilir ve b\u00fcy\u00fck depremin olu\u015f an\u0131na g\u00f6re bunlar\u0131n \u015fiddetinde ve say\u0131s\u0131nda azal\u0131m g\u00f6r\u00fcl\u00fcr (DAD, 2001).<\/p>\n\n\n\n<h4 class=\"wp-block-heading\">DEPREMLERE KAR\u015eI B\u0130L\u0130M NE YAPAB\u0130L\u0130R?<\/h4>\n\n\n\n<p>Deprem tehlikesiyle ilgili yakla\u015f\u0131m iki y\u00f6nl\u00fcd\u00fcr:<\/p>\n\n\n\n<p>\u00d6ncelikle; sismoloji, deprem jeolojisi vb. gibi temel alanlarda bilim insanlar\u0131:<\/p>\n\n\n\n<ul class=\"wp-block-list\"><li>Depreme neden olan fakt\u00f6rlerin belirlenmesi ve deprem k\u0131r\u0131\u011f\u0131n\u0131n geli\u015fiminin anla\u015f\u0131lmas\u0131 i\u00e7in \u00e7aba g\u00f6sterirler.<\/li><li>Deprem tehlikesi olan alanlar\u0131n tan\u0131mlanmas\u0131 i\u00e7in jeolojik yap\u0131 \u00fczerinde ara\u015ft\u0131rma yaparlar. Sismik zonlama, temel ara\u015ft\u0131rmalar\u0131n sonu\u00e7lar\u0131na g\u00f6re yap\u0131l\u0131r (Foto-3).<\/li><\/ul>\n\n\n<div class=\"wp-block-image\">\n<figure class=\"aligncenter size-full\"><a href=\"https:\/\/bakiacil.com\/wp-content\/uploads\/2022\/07\/Oncu-ve-Artci-depremleri.jpg\" data-lbwps-width=\"343\" data-lbwps-height=\"257\" data-lbwps-srcsmall=\"https:\/\/bakiacil.com\/wp-content\/uploads\/2022\/07\/Oncu-ve-Artci-depremleri.jpg\"><img loading=\"lazy\" decoding=\"async\" width=\"343\" height=\"257\" src=\"https:\/\/bakiacil.com\/wp-content\/uploads\/2022\/07\/Oncu-ve-Artci-depremleri.jpg?v=1658006294\" alt=\"\" class=\"wp-image-4165\" srcset=\"https:\/\/bakiacil.com\/wp-content\/uploads\/2022\/07\/Oncu-ve-Artci-depremleri.jpg?v=1658006294 343w, https:\/\/bakiacil.com\/wp-content\/uploads\/2022\/07\/Oncu-ve-Artci-depremleri-300x225.jpg?v=1658006294 300w\" sizes=\"auto, (max-width: 343px) 100vw, 343px\" \/><\/a><figcaption><a>Foto <\/a>3 &#8211; \u00d6nc\u00fc ve Art\u00e7\u0131 depremleri g\u00f6steren sismograf cihaz\u0131 verileri &nbsp;&nbsp;&nbsp;&nbsp;&nbsp;&nbsp;&nbsp;(DAD, 2001).<\/figcaption><\/figure><\/div>\n\n<div class=\"wp-block-image\">\n<figure class=\"aligncenter size-full\"><a href=\"https:\/\/bakiacil.com\/wp-content\/uploads\/2022\/07\/Depremin-sonuclari.jpg\" data-lbwps-width=\"470\" data-lbwps-height=\"332\" data-lbwps-srcsmall=\"https:\/\/bakiacil.com\/wp-content\/uploads\/2022\/07\/Depremin-sonuclari.jpg\"><img loading=\"lazy\" decoding=\"async\" width=\"470\" height=\"332\" src=\"https:\/\/bakiacil.com\/wp-content\/uploads\/2022\/07\/Depremin-sonuclari.jpg?v=1658006320\" alt=\"\" class=\"wp-image-4166\" srcset=\"https:\/\/bakiacil.com\/wp-content\/uploads\/2022\/07\/Depremin-sonuclari.jpg?v=1658006320 470w, https:\/\/bakiacil.com\/wp-content\/uploads\/2022\/07\/Depremin-sonuclari-300x212.jpg?v=1658006320 300w\" sizes=\"auto, (max-width: 470px) 100vw, 470px\" \/><\/a><figcaption><a>Foto <\/a>4 &#8211; Depremin sonu\u00e7lar\u0131 (Anatolian, 1999).<\/figcaption><\/figure><\/div>\n\n\n<p>\u0130kinci a\u015famada; in\u015faat m\u00fchendisli\u011fi ve m\u00fchendislik jeolojisi alanlar\u0131nda yap\u0131lacak ara\u015ft\u0131rmalarla bilim insanlar\u0131 depremden kaynaklanan sars\u0131nt\u0131lara kar\u015f\u0131 daha dayan\u0131kl\u0131 yeni in\u015faat y\u00f6ntemlerini ve malzemelerini geli\u015ftirmeye \u00e7al\u0131\u015f\u0131rlar. Yap\u0131 y\u00f6netmelikleri en g\u00fcncel ara\u015ft\u0131rmalar\u0131n sonu\u00e7lar\u0131na g\u00f6re s\u00fcrekli olarak de\u011fi\u015ftirilir ve adapte edilir (Sh\u0131eld, 2007).<\/p>\n\n\n\n<h1 class=\"wp-block-heading\">HEYELAN<\/h1>\n\n\n\n<p>Kayalardan d\u00f6k\u00fcnt\u00fc \u00f6rt\u00fcs\u00fcnden veya topraktan olu\u015fmu\u015f k\u00fctlelerin \u00e7ekimin etkisi alt\u0131nda yerlerinden koparak yer de\u011fi\u015ftirmesine Heyelan denir. Baz\u0131 heyelanlar b\u00fcy\u00fck bir h\u0131zla ger\u00e7ekle\u015ftikleri halde baz\u0131 heyelanlar daha yava\u015f ger\u00e7ekle\u015firler. Heyelanlar yery\u00fcz\u00fcnde \u00e7ok s\u0131k meydana gelen ve \u00e7ok yayg\u0131n bir k\u00fctle hareketi \u00e7e\u015fididir ve a\u015f\u0131nmada \u00f6nemli rol oynarlar. B\u00fcy\u00fck heyelanlar ayn\u0131 zamanda topografyada derin izler b\u0131rak\u0131rlar (Foto-5) (www.Diyadin.net, 2007).<\/p>\n\n\n<div class=\"wp-block-image\">\n<figure class=\"aligncenter size-large\"><a href=\"https:\/\/bakiacil.com\/wp-content\/uploads\/2022\/07\/bolu-akma.jpg\" data-lbwps-width=\"1296\" data-lbwps-height=\"976\" data-lbwps-srcsmall=\"https:\/\/bakiacil.com\/wp-content\/uploads\/2022\/07\/bolu-akma.jpg\"><img loading=\"lazy\" decoding=\"async\" width=\"1024\" height=\"771\" src=\"https:\/\/bakiacil.com\/wp-content\/uploads\/2022\/07\/bolu-akma-1024x771.jpg?v=1658006418\" alt=\"\" class=\"wp-image-4167\" srcset=\"https:\/\/bakiacil.com\/wp-content\/uploads\/2022\/07\/bolu-akma-1024x771.jpg?v=1658006418 1024w, https:\/\/bakiacil.com\/wp-content\/uploads\/2022\/07\/bolu-akma-300x226.jpg?v=1658006418 300w, https:\/\/bakiacil.com\/wp-content\/uploads\/2022\/07\/bolu-akma-768x578.jpg?v=1658006418 768w, https:\/\/bakiacil.com\/wp-content\/uploads\/2022\/07\/bolu-akma.jpg?v=1658006418 1296w\" sizes=\"auto, (max-width: 1024px) 100vw, 1024px\" \/><\/a><figcaption><a>Foto <\/a>5 &#8211; Bolu; Akma (Murat, 2006).<\/figcaption><\/figure><\/div>\n\n\n<p>Kayalardan, d\u00f6k\u00fcnt\u00fc \u00f6rt\u00fcs\u00fcnden veya topraktan olu\u015fmu\u015f k\u00fctlelerin, \u00e7ekimin etkisi alt\u0131nda yerlerinden koparak yer de\u011fi\u015ftirmesine heyelan denir (Foto-6).<\/p>\n\n\n<div class=\"wp-block-image\">\n<figure class=\"aligncenter size-full\"><a href=\"https:\/\/bakiacil.com\/wp-content\/uploads\/2022\/07\/kaya-dusmesi.jpg\" data-lbwps-width=\"395\" data-lbwps-height=\"293\" data-lbwps-srcsmall=\"https:\/\/bakiacil.com\/wp-content\/uploads\/2022\/07\/kaya-dusmesi.jpg\"><img loading=\"lazy\" decoding=\"async\" width=\"395\" height=\"293\" src=\"https:\/\/bakiacil.com\/wp-content\/uploads\/2022\/07\/kaya-dusmesi.jpg?v=1658006440\" alt=\"\" class=\"wp-image-4168\" srcset=\"https:\/\/bakiacil.com\/wp-content\/uploads\/2022\/07\/kaya-dusmesi.jpg?v=1658006440 395w, https:\/\/bakiacil.com\/wp-content\/uploads\/2022\/07\/kaya-dusmesi-300x223.jpg?v=1658006440 300w\" sizes=\"auto, (max-width: 395px) 100vw, 395px\" \/><\/a><figcaption><a>Foto <\/a>6 &#8211; Kaya d\u00fc\u015fmesi (G\u00fcm\u00fc\u015fhane, 2005).<\/figcaption><\/figure><\/div>\n\n\n<h2 class=\"wp-block-heading\">HEYELANA NEDEN OLAN ETKENLER<\/h2>\n\n\n\n<h4 class=\"wp-block-heading\">Kuvvetli E\u011fim <\/h4>\n\n\n\n<p>E\u011fimlerin fazla oldu\u011fu sahalarda heyelan riski artmaktad\u0131r. Baz\u0131 sahalarda fay yama\u00e7lar\u0131 dik e\u011fimlerin olu\u015fmas\u0131na neden olarak heyelanlar\u0131 kolayla\u015ft\u0131r\u0131rlar. Yine insanlar kanallar ve yollar a\u00e7arak yada yol ve maden kaz\u0131lar\u0131ndan \u00e7\u0131kan topraklar\u0131 denge a\u00e7\u0131s\u0131na eri\u015fmi\u015f bulunan yama\u00e7lar \u00fczerine atarak heyelan olu\u015fumuna neden olan ko\u015fullar\u0131 haz\u0131rlarlar. Gev\u015fek unsurlar\u0131n denge a\u00e7\u0131s\u0131n\u0131 her hangi bir nedenle a\u015ft\u0131\u011f\u0131 durumlarda heyelan olu\u015fur (Foto-7).<\/p>\n\n\n<div class=\"wp-block-image\">\n<figure class=\"aligncenter size-full\"><a href=\"https:\/\/bakiacil.com\/wp-content\/uploads\/2022\/07\/Heyelan.jpg\" data-lbwps-width=\"457\" data-lbwps-height=\"344\" data-lbwps-srcsmall=\"https:\/\/bakiacil.com\/wp-content\/uploads\/2022\/07\/Heyelan.jpg\"><img loading=\"lazy\" decoding=\"async\" width=\"457\" height=\"344\" src=\"https:\/\/bakiacil.com\/wp-content\/uploads\/2022\/07\/Heyelan.jpg?v=1658006501\" alt=\"\" class=\"wp-image-4169\" srcset=\"https:\/\/bakiacil.com\/wp-content\/uploads\/2022\/07\/Heyelan.jpg?v=1658006501 457w, https:\/\/bakiacil.com\/wp-content\/uploads\/2022\/07\/Heyelan-300x226.jpg?v=1658006501 300w\" sizes=\"auto, (max-width: 457px) 100vw, 457px\" \/><\/a><figcaption><a>Foto <\/a>7 &#8211; Heyelan (Ozta\u015fk\u0131n, 2005).<\/figcaption><\/figure><\/div>\n\n\n<h4 class=\"wp-block-heading\">Su \u0130le Doygunluk<\/h4>\n\n\n\n<p>Heyelanlar ya\u011f\u0131\u015fl\u0131 veya zeminin \u0131slak oldu\u011fu mevsimlerde meydana gelirler.<\/p>\n\n\n\n<p>\u015eiddetli veya devaml\u0131 ya\u011fmurlar yahut karlar\u0131n erimesi, kayalar\u0131n i\u00e7ine bol miktarda suyun s\u0131zmas\u0131na olanak verir. Bunun sonucunda plastisite ve likidite s\u0131n\u0131rlar\u0131na eri\u015filir ve herhangi bir nedenle olu\u015fan sars\u0131nt\u0131 sonucunda heyelan meydana gelir. Su, ayr\u0131ca denge a\u00e7\u0131s\u0131n\u0131 k\u00fc\u00e7\u00fclterek, a\u011f\u0131rl\u0131\u011f\u0131 artt\u0131rarak ve s\u00fcrt\u00fcnmeyi azaltarak heyelan\u0131 kolayla\u015ft\u0131r\u0131r (Foto-8).<\/p>\n\n\n<div class=\"wp-block-image\">\n<figure class=\"aligncenter size-full is-resized\"><a href=\"https:\/\/bakiacil.com\/wp-content\/uploads\/2022\/07\/Asiri-doygun-zeminin-kaymasi.jpg\" data-lbwps-width=\"256\" data-lbwps-height=\"192\" data-lbwps-srcsmall=\"https:\/\/bakiacil.com\/wp-content\/uploads\/2022\/07\/Asiri-doygun-zeminin-kaymasi.jpg\"><img loading=\"lazy\" decoding=\"async\" src=\"https:\/\/bakiacil.com\/wp-content\/uploads\/2022\/07\/Asiri-doygun-zeminin-kaymasi.jpg?v=1658006623\" alt=\"\" class=\"wp-image-4170\" width=\"455\" height=\"341\"\/><\/a><figcaption><a>Foto <\/a>8 &#8211; A\u015f\u0131r\u0131 doygun zeminin kaymas\u0131 (TRT, 2008).<\/figcaption><\/figure><\/div>\n\n\n<h4 class=\"wp-block-heading\">Kaya Yap\u0131s\u0131<\/h4>\n\n\n\n<p>Plastisite, likidite s\u0131n\u0131rlar\u0131 malzemenin yap\u0131s\u0131na s\u0131k\u0131 bir \u015fekilde ba\u011fl\u0131d\u0131r. \u00c7e\u015fitli kil t\u00fcrlerinde plastisite birbirine yak\u0131n ancak likidite de\u011ferleri birbirinden \u00e7ok farkl\u0131d\u0131r. \u00d6rne\u011fin bu bak\u0131mdan en d\u00fc\u015f\u00fck de\u011feri g\u00f6steren kaolin kili, en az su ile likidite s\u0131n\u0131r\u0131na eri\u015fen yani heyelana en uygun olan kil t\u00fcr\u00fcd\u00fcr.<\/p>\n\n\n\n<p>\u00c7e\u015fitli depolarda az yada \u00e7ok kil vard\u0131r. Bunun oran\u0131 ve t\u00fcr\u00fc heyelan olay\u0131n\u0131 artt\u0131ran yada azaltan yani heyelanlar\u0131n yay\u0131l\u0131\u015f alanlar\u0131n\u0131 belirleyen ba\u015fl\u0131ca fakt\u00f6rlerden birisidir. Bu nedenle killi formasyonlar\u0131n, fli\u015f, marn ve t\u00fcf gibi depolar\u0131n yayg\u0131n oldu\u011fu sahalarda heyelan \u00e7ok fazla g\u00f6r\u00fcl\u00fcr. Buna kar\u015f\u0131l\u0131k kalker ve bazalt gibi kayalarda heyelan seyrek g\u00f6r\u00fclmektedir.<\/p>\n\n\n\n<h4 class=\"wp-block-heading\"><a>Tektonik Yap\u0131<\/a><\/h4>\n\n\n\n<p>Tektonik yap\u0131 ile heyelan ars\u0131nda \u00e7ok s\u0131k\u0131 bir ili\u015fki vard\u0131r. Tabakalar\u0131n yama\u00e7 e\u011fimine paralel olarak dalmalar\u0131, heyelanlar\u0131 kolayla\u015ft\u0131r\u0131r. \u00d6zellikle tabakalar aras\u0131nda killi bir seviyenin varl\u0131\u011f\u0131 \u00f6nemli rol oynar. Kar veya ya\u011fmur sular\u0131n\u0131n topra\u011fa s\u0131zmas\u0131 sonucunda plastik veya likit hale ge\u00e7en kil tabakas\u0131n\u0131n \u00fczerindeki k\u00fctleler \u00e7ekim g\u00fcc\u00fcne uyarak, toptan a\u015fa\u011f\u0131ya do\u011fru kayabilirler. Kayalar\u0131n diyakl\u00e2zlarla derin ve s\u0131k bir \u015fekilde par\u00e7alanm\u0131\u015f olmas\u0131 da heyelan\u0131 kolayla\u015ft\u0131ran ko\u015fullar ars\u0131nda say\u0131labilir.<\/p>\n\n\n\n<p>Heyelanlar, yukar\u0131da say\u0131lan nedenlerin birisi veya birka\u00e7\u0131n\u0131n etkisiyle olu\u015furlar ve bazen topografyada \u00e7ok \u00f6nemli de\u011fi\u015fikliklere neden olurlar. Kayan k\u00fctlenin koptu\u011fu yerde genellikle hilale benzer bir kopma yaras\u0131 olu\u015fmaktad\u0131r. Buradan ayr\u0131lan maddeler genellikle ak\u0131\u015f hareketini and\u0131ran \u015fekiller g\u00f6steren ve \u00e7o\u011fu kez \u00fczerinde kapal\u0131 \u00e7anak\u00e7\u0131klar bulunan bir y\u0131\u011f\u0131n halinde a\u015fa\u011f\u0131ya do\u011fru yer de\u011fi\u015ftirirler ve heyelan k\u00fctlesinin g\u00f6vdesini olu\u015ftururlar.<\/p>\n\n\n\n<p>Bu k\u00fctle bazen bir akarsuyun yata\u011f\u0131n\u0131 t\u0131kayarak bir Heyelan Setti G\u00f6l\u00fc olu\u015fmas\u0131na yol a\u00e7ar. \u00d6rne\u011fin Tortum G\u00f6l\u00fc, heyelanla Tortum vadisinin t\u0131kanmas\u0131 sonucunda meydana gelmi\u015ftir. Ayr\u0131ca heyelanlar sonucunda, yama\u00e7larda tara\u00e7alara benzer basamaklar olu\u015fabilir (Foto-9) (www.Bilim.biz, 2006).<\/p>\n\n\n<div class=\"wp-block-image\">\n<figure class=\"aligncenter size-full is-resized\"><a href=\"https:\/\/bakiacil.com\/wp-content\/uploads\/2022\/07\/Blok-kaymasi.jpg\" data-lbwps-width=\"900\" data-lbwps-height=\"600\" data-lbwps-srcsmall=\"https:\/\/bakiacil.com\/wp-content\/uploads\/2022\/07\/Blok-kaymasi.jpg\"><img loading=\"lazy\" decoding=\"async\" src=\"https:\/\/bakiacil.com\/wp-content\/uploads\/2022\/07\/Blok-kaymasi.jpg?v=1658006671\" alt=\"\" class=\"wp-image-4171\" width=\"589\" height=\"393\" srcset=\"https:\/\/bakiacil.com\/wp-content\/uploads\/2022\/07\/Blok-kaymasi.jpg?v=1658006671 900w, https:\/\/bakiacil.com\/wp-content\/uploads\/2022\/07\/Blok-kaymasi-300x200.jpg?v=1658006671 300w, https:\/\/bakiacil.com\/wp-content\/uploads\/2022\/07\/Blok-kaymasi-768x512.jpg?v=1658006671 768w\" sizes=\"auto, (max-width: 589px) 100vw, 589px\" \/><\/a><figcaption><a>Foto <\/a>9 &#8211; Blok kaymas\u0131 (\u00d6zta\u015fk\u0131n, 2005).<\/figcaption><\/figure><\/div>\n\n\n<h3 class=\"wp-block-heading\">HEYELAN \u00c7E\u015e\u0130TLER\u0130<\/h3>\n\n\n\n<p>Genel olarak heyelan terimi ile a\u00e7\u0131klanan bu h\u0131zl\u0131 k\u00fctle hareketleri as\u0131l heyelanlar, g\u00f6\u00e7meler ve toprak kaymalar\u0131 olmak \u00fczere \u00fc\u00e7 tipe ayr\u0131labilirler &nbsp;(Wikipedia, 2007).<\/p>\n\n\n\n<h4 class=\"wp-block-heading\">As\u0131l Heyelanlar<\/h4>\n\n\n\n<p>Bunlar\u0131n olu\u015fumunda su, haz\u0131rlay\u0131c\u0131 bir rol oynar. Fakat as\u0131l heyelan k\u00fctlesi, su ile hamurla\u015fm\u0131\u015f halde de\u011fildir. Kuru bir k\u00fctle halinde, fakat kaymaya uygun bir zemin \u00fczerinde yer de\u011fi\u015ftirmi\u015ftir. Bu tip heyelanlar \u00fclkemizde s\u0131k s\u0131k olu\u015furlar. Bu heyelanlar\u0131n en b\u00fcy\u00fck olanlar\u0131, genellikle bol ya\u011f\u0131\u015fl\u0131 ve dik e\u011fimli sahalarda, \u00f6zellikle kuvvetle yar\u0131lm\u0131\u015f, nemli ve litoloji bak\u0131m\u0131ndan da elveri\u015fli olan Kuzey Anadolu da\u011fl\u0131k alan\u0131nda olu\u015fmu\u015ftur. Geyve, Ayanc\u0131k, Sinop \u00e7evresi, Ma\u00e7ka, Of-S\u00fcrmene ve Trabzon-Sera heyelanlar\u0131 bunlar\u0131n ba\u015fl\u0131calar\u0131ndand\u0131r (Wikipedia, 2007).<\/p>\n\n\n\n<p>Sera Heyelan\u0131, Trabzon \u015fehrinin 10 km kadar bat\u0131s\u0131nda Sera K\u00f6y\u00fc yak\u0131nlar\u0131nda 1950 y\u0131l\u0131nda olu\u015fmu\u015ftur. Heyelan\u0131n olu\u015fmas\u0131ndan bir hafta kadar \u00f6nce, Sera vadisinin dik yama\u00e7lar\u0131nda derin yar\u0131klar olu\u015fmu\u015f, topografya k\u00fc\u00e7\u00fck \u00f6l\u00e7\u00fcde baz\u0131 de\u011fi\u015fikliklere u\u011fram\u0131\u015ft\u0131r. Fakat as\u0131l heyelan, birka\u00e7 dakika gibi k\u0131sa bir zaman i\u00e7inde ve \u015fiddetli bir g\u00fcr\u00fclt\u00fc ile birlikte olu\u015fmu\u015ftur (Wikipedia, 2007).<\/p>\n\n\n\n<p>Bir k\u0131sm\u0131 ak\u0131\u015f \u015fekilleri g\u00f6steren, fakat as\u0131l olarak kayma y\u00fczeyleri boyunca yer de\u011fi\u015ftiren k\u00fctlenin ortalama uzunlu\u011fu 650 m. geni\u015fli\u011fi 350 m, kal\u0131nl\u0131\u011f\u0131 ise 65 m. kadard\u0131r. B\u00f6ylece Sera heyelan\u0131 sonucunda 15 milyon m\u00b3 hacminde kaya ve d\u00f6k\u00fcnt\u00fc yer de\u011fi\u015ftirmi\u015ftir. Bu heyelan k\u00fctlesi Sera deresinin vadisini t\u0131kam\u0131\u015f ve burada 4 km. uzunlu\u011funda, ortalama 150 m. geni\u015flikte ve 55 m. derinli\u011finde olduk\u00e7a b\u00fcy\u00fck bir set g\u00f6l\u00fc olu\u015fmu\u015ftur (Wikipedia, 2007).<\/p>\n\n\n\n<p>Ara\u015ft\u0131rmalar, bu heyelan\u0131n olu\u015fumunda normalden daha fazla ya\u011f\u0131\u015fl\u0131 ge\u00e7en k\u0131\u015f mevsimi ile karlar\u0131n h\u0131zla erimesine neden olan F\u00f6hn karakterinde g\u00fcney r\u00fczg\u00e2rlar\u0131n\u0131n etkisi oldu\u011funu g\u00f6stermektedir. Bu yolla zemine \u00e7ok fazla oranda su s\u0131zm\u0131\u015ft\u0131r. Zaten bu sahada \u00e7\u00f6z\u00fclme \u00e7ok derinlerde oldu\u011fu gibi, andezitik kayalar ve yast\u0131k lavlar derin diyaklazlarla yar\u0131lm\u0131\u015f, aralar\u0131ndaki ba\u011flar gev\u015fektir. Bu durum, su ile doygunla\u015fan arazinin kaymas\u0131n\u0131 ayr\u0131ca kolayla\u015ft\u0131rm\u0131\u015ft\u0131r. Bundan ba\u015fka, yama\u00e7 e\u011fimlerinin \u00e7ok fazla olmas\u0131 ve \u00f6zellikle Sera deresinin yamac\u0131n alt k\u0131sm\u0131n\u0131 oymas\u0131 heyelan\u0131n olu\u015fumunda rol oynam\u0131\u015f olmal\u0131d\u0131r (Wikipedia, 2007).<\/p>\n\n\n\n<h4 class=\"wp-block-heading\">G\u00f6\u00e7meler<\/h4>\n\n\n\n<p>Heyelan\u0131n hareket bak\u0131m\u0131ndan farkl\u0131 bir ba\u015fka tipini olu\u015ftururlar. Bu tip heyelan bir ka\u015f\u0131\u011fa benzeyen konkav kopma y\u00fczeyleri boyunca d\u00f6nerek yer de\u011fi\u015ftiren k\u0131s\u0131mlardan olu\u015fur. Kayan k\u0131s\u0131mlardan her biri, geriye do\u011fru \u00e7arp\u0131l\u0131r. Bunu sonucunda, kayan k\u00fctlelerin ilksel e\u011fimleri de\u011fi\u015fir ve bunlar\u0131n y\u00fczeyleri kopma yaras\u0131n\u0131n bulundu\u011fu tarafa do\u011fru yeni bir e\u011fim kazan\u0131r. Yama\u00e7lar\u0131n alt k\u0131s\u0131mlar\u0131n\u0131n akarsular, dalgalar gibi etkenler taraf\u0131ndan fazla oyulmas\u0131 g\u00f6\u00e7me \u015feklindeki heyelanlar\u0131n ba\u015fl\u0131ca sebebidir (Wikipedia, 2007). Falezlerin ve yama\u00e7lar\u0131n gerilemesi, menderes halkalar\u0131n\u0131n b\u00fcy\u00fcmesi s\u0131ras\u0131nda alttan oyma s\u00fcrecine ba\u011fl\u0131 olarak s\u0131k s\u0131k g\u00f6\u00e7meler olu\u015fur. G\u00f6\u00e7m\u00fc\u015f k\u00fctleler veya bloklar b\u00fcy\u00fck olduklar\u0131 durumda, bunlar aras\u0131nda k\u00fc\u00e7\u00fck g\u00f6ller veya yama\u00e7larda tara\u00e7alara benzer sahanl\u0131klar olu\u015fur. K\u00fc\u00e7\u00fck ve B\u00fcy\u00fck \u00c7ekmece g\u00f6llerinin kenarlar\u0131nda ve bu iki g\u00f6l aras\u0131ndaki deniz k\u0131y\u0131s\u0131 boyunca bu t\u00fcr g\u00f6\u00e7melerin tipik \u00f6rnekleri yayg\u0131nd\u0131r (Wikipedia, 2007) (Foto-10).<\/p>\n\n\n<div class=\"wp-block-image\">\n<figure class=\"aligncenter size-full is-resized\"><a href=\"https:\/\/bakiacil.com\/wp-content\/uploads\/2022\/07\/Gocme.jpg\" data-lbwps-width=\"480\" data-lbwps-height=\"640\" data-lbwps-srcsmall=\"https:\/\/bakiacil.com\/wp-content\/uploads\/2022\/07\/Gocme.jpg\"><img loading=\"lazy\" decoding=\"async\" src=\"https:\/\/bakiacil.com\/wp-content\/uploads\/2022\/07\/Gocme.jpg?v=1658006703\" alt=\"\" class=\"wp-image-4172\" width=\"349\" height=\"465\" srcset=\"https:\/\/bakiacil.com\/wp-content\/uploads\/2022\/07\/Gocme.jpg?v=1658006703 480w, https:\/\/bakiacil.com\/wp-content\/uploads\/2022\/07\/Gocme-225x300.jpg?v=1658006703 225w\" sizes=\"auto, (max-width: 349px) 100vw, 349px\" \/><\/a><figcaption><a>Foto <\/a>10 &#8211; G\u00f6\u00e7me&nbsp; (Mersin Belediyesi, 2007)<\/figcaption><\/figure><\/div>\n\n\n<h4 class=\"wp-block-heading\">Toprak Kaymalar\u0131<\/h4>\n\n\n\n<p>Bunlar heyelan\u0131n, baz\u0131 bak\u0131mdan \u00e7amur ak\u0131nt\u0131lar\u0131na benzeyen bir t\u00fcr\u00fcd\u00fcr. Fakat \u00e7ok yava\u015f olu\u015fmalar\u0131, belli bir yata\u011fa ba\u011fl\u0131 olmamalar\u0131 ve i\u00e7erdikleri suyun \u00e7ok daha az olmas\u0131 gibi farklarla \u00e7amur ak\u0131nt\u0131lar\u0131ndan ayr\u0131l\u0131rlar. Geriye do\u011fru e\u011fimle\u015fme g\u00f6stermediklerinden dolay\u0131 da, yukar\u0131da a\u00e7\u0131klanan g\u00f6\u00e7melerden farkl\u0131 olduklar\u0131 g\u00f6r\u00fcl\u00fcr. Toprak kaymalar\u0131, su ile doygun hale gelen ve bu \u015fekilde b\u00fct\u00fcn\u00fc ile kayganla\u015fan y\u00fczeysel depolar\u0131n, d\u00f6k\u00fcnt\u00fc \u00f6rt\u00fcs\u00fcn\u00fcn veya topraklar\u0131n yer ald\u0131\u011f\u0131 yama\u00e7larda olu\u015fur (Wikipedia, 2007).<\/p>\n\n\n\n<p>Bu \u015fekilde bir kopma yaras\u0131 ve k\u0131vaml\u0131 bir hamur gibi yer de\u011fi\u015ftiren bir heyelan k\u00fctlesi meydana gelir. Bu a\u00e7\u0131klamalardan anla\u015f\u0131laca\u011f\u0131 \u00fczere, toprak kaymalar\u0131 as\u0131l heyelandan daha y\u00fczeyseldir; asl\u0131nda toprak tabakas\u0131n\u0131 ve onun alt\u0131ndaki d\u00f6k\u00fcnt\u00fc \u00f6rt\u00fcs\u00fcn\u00fc ilgilendirir. Bu k\u00fctle hareketinin en yayg\u0131n oldu\u011fu sahalar, litoloji bak\u0131m\u0131ndan da uygun olmak ko\u015fulu ile nemli iklim b\u00f6lgeleridir.<\/p>\n\n\n\n<p>Heyelan ayn\u0131 zamanda toprak kaymas\u0131d\u0131r. Topra\u011f\u0131n yer de\u011fi\u015ftirmesinden olu\u015fur. Toprak alt\u0131 fidelerinin topraktan \u00e7\u0131kmas\u0131, ayn\u0131 zamanda topra\u011f\u0131n a\u015fa\u011f\u0131ya do\u011fru inerek s\u00fcrt\u00fcnme kuvveti olu\u015fturmas\u0131na heyelan denir (Foto-11).<\/p>\n\n\n<div class=\"wp-block-image\">\n<figure class=\"aligncenter size-full\"><a href=\"https:\/\/bakiacil.com\/wp-content\/uploads\/2022\/07\/Akma.jpg\" data-lbwps-width=\"437\" data-lbwps-height=\"600\" data-lbwps-srcsmall=\"https:\/\/bakiacil.com\/wp-content\/uploads\/2022\/07\/Akma.jpg\"><img loading=\"lazy\" decoding=\"async\" width=\"437\" height=\"600\" src=\"https:\/\/bakiacil.com\/wp-content\/uploads\/2022\/07\/Akma.jpg?v=1658006738\" alt=\"\" class=\"wp-image-4173\" srcset=\"https:\/\/bakiacil.com\/wp-content\/uploads\/2022\/07\/Akma.jpg?v=1658006738 437w, https:\/\/bakiacil.com\/wp-content\/uploads\/2022\/07\/Akma-219x300.jpg?v=1658006738 219w\" sizes=\"auto, (max-width: 437px) 100vw, 437px\" \/><\/a><figcaption><a>Foto <\/a>11 &#8211; Akma (Murat, 2007).<\/figcaption><\/figure><\/div>\n\n\n<h3 class=\"wp-block-heading\">K\u00dcTLE HAREKETLER\u0130<\/h3>\n\n\n\n<p>Kitle hareketleri ile ilgili bir\u00e7ok s\u0131n\u0131flama bulunmakla birlikte en \u00e7ok kullan\u0131lan s\u0131n\u0131flama Varnes 1978\u2019in yapm\u0131\u015f oldu\u011fudur (\u015eekil-3).<\/p>\n\n\n<div class=\"wp-block-image\">\n<figure class=\"aligncenter size-full\"><a href=\"https:\/\/bakiacil.com\/wp-content\/uploads\/2022\/07\/Kutle-hareketleri-siniflandirmasi.jpg\" data-lbwps-width=\"550\" data-lbwps-height=\"404\" data-lbwps-srcsmall=\"https:\/\/bakiacil.com\/wp-content\/uploads\/2022\/07\/Kutle-hareketleri-siniflandirmasi.jpg\"><img loading=\"lazy\" decoding=\"async\" width=\"550\" height=\"404\" src=\"https:\/\/bakiacil.com\/wp-content\/uploads\/2022\/07\/Kutle-hareketleri-siniflandirmasi.jpg?v=1658006777\" alt=\"\" class=\"wp-image-4174\" srcset=\"https:\/\/bakiacil.com\/wp-content\/uploads\/2022\/07\/Kutle-hareketleri-siniflandirmasi.jpg?v=1658006777 550w, https:\/\/bakiacil.com\/wp-content\/uploads\/2022\/07\/Kutle-hareketleri-siniflandirmasi-300x220.jpg?v=1658006777 300w\" sizes=\"auto, (max-width: 550px) 100vw, 550px\" \/><\/a><figcaption><a>\u015eekil <\/a>3 &#8211; K\u00fctle hareketleri s\u0131n\u0131fland\u0131rmas\u0131 (Varnes, 1978).<\/figcaption><\/figure><\/div>\n\n\n<h4 class=\"wp-block-heading\">D\u00fc\u015fme<\/h4>\n\n\n\n<p>Deniz, g\u00f6l kenarlar\u0131ndan ve dik kaz\u0131 \u015fevlerinden, dik yama\u00e7lardan, ma\u011fara tavanlar\u0131ndan, sivri da\u011f doruklar\u0131ndan, \u00f6zellikle deniz kenar\u0131ndaki dik falezlerden, \u00f6zellikle s\u00fcreksizlik y\u00fczeyi ile s\u0131n\u0131rlanm\u0131\u015f m\u00fcnferit bloklar\u0131n\u0131n de\u011fi\u015fik boy ve \u00e7e\u015fitteki kaya veya zemin par\u00e7alar\u0131n\u0131n yer \u00e7ekimi etkisi ile a\u015fa\u011f\u0131ya do\u011fru hareket ederek d\u00fc\u015fmesi olay\u0131d\u0131r (Foto-12,13).<\/p>\n\n\n\n<p>D\u00fc\u015fen malzemenin cinsine g\u00f6re, Kaya D\u00fc\u015fmesi, Moloz D\u00fc\u015fmesi, Zemin (Toprak) D\u00fc\u015fmesi gibi adlar alabilirler (\u015eekil-4).<\/p>\n\n\n<div class=\"wp-block-image\">\n<figure class=\"aligncenter size-full\"><a href=\"https:\/\/bakiacil.com\/wp-content\/uploads\/2022\/07\/Kutle-hareketlerinin-sekilleri.jpg\" data-lbwps-width=\"476\" data-lbwps-height=\"716\" data-lbwps-srcsmall=\"https:\/\/bakiacil.com\/wp-content\/uploads\/2022\/07\/Kutle-hareketlerinin-sekilleri.jpg\"><img loading=\"lazy\" decoding=\"async\" width=\"476\" height=\"716\" src=\"https:\/\/bakiacil.com\/wp-content\/uploads\/2022\/07\/Kutle-hareketlerinin-sekilleri.jpg?v=1658006810\" alt=\"\" class=\"wp-image-4175\" srcset=\"https:\/\/bakiacil.com\/wp-content\/uploads\/2022\/07\/Kutle-hareketlerinin-sekilleri.jpg?v=1658006810 476w, https:\/\/bakiacil.com\/wp-content\/uploads\/2022\/07\/Kutle-hareketlerinin-sekilleri-199x300.jpg?v=1658006810 199w\" sizes=\"auto, (max-width: 476px) 100vw, 476px\" \/><\/a><figcaption><a>\u015eekil <\/a>4 &#8211; K\u00fctle hareketlerinin \u015fekilleri (D\u00f6nekli, 2004).<\/figcaption><\/figure><\/div>\n\n\n<div class=\"wp-block-columns is-layout-flex wp-container-core-columns-is-layout-9d6595d7 wp-block-columns-is-layout-flex\">\n<div class=\"wp-block-column is-layout-flow wp-block-column-is-layout-flow\">\n<figure class=\"wp-block-image size-full\"><a href=\"https:\/\/bakiacil.com\/wp-content\/uploads\/2022\/07\/Kaya-dusmesi-1.jpg\" data-lbwps-width=\"510\" data-lbwps-height=\"339\" data-lbwps-srcsmall=\"https:\/\/bakiacil.com\/wp-content\/uploads\/2022\/07\/Kaya-dusmesi-1.jpg\"><img loading=\"lazy\" decoding=\"async\" width=\"510\" height=\"339\" src=\"https:\/\/bakiacil.com\/wp-content\/uploads\/2022\/07\/Kaya-dusmesi-1.jpg?v=1658006855\" alt=\"\" class=\"wp-image-4176\" srcset=\"https:\/\/bakiacil.com\/wp-content\/uploads\/2022\/07\/Kaya-dusmesi-1.jpg?v=1658006855 510w, https:\/\/bakiacil.com\/wp-content\/uploads\/2022\/07\/Kaya-dusmesi-1-300x199.jpg?v=1658006855 300w\" sizes=\"auto, (max-width: 510px) 100vw, 510px\" \/><\/a><figcaption><a>Foto <\/a>12 &#8211; Kaya d\u00fc\u015fmesi (\u00c7elik, 2001).<\/figcaption><\/figure>\n<\/div>\n\n\n\n<div class=\"wp-block-column is-layout-flow wp-block-column-is-layout-flow\">\n<figure class=\"wp-block-image size-full is-resized\"><a href=\"https:\/\/bakiacil.com\/wp-content\/uploads\/2022\/07\/Kaya-dusmesi-ABD.jpg\" data-lbwps-width=\"200\" data-lbwps-height=\"160\" data-lbwps-srcsmall=\"https:\/\/bakiacil.com\/wp-content\/uploads\/2022\/07\/Kaya-dusmesi-ABD.jpg\"><img loading=\"lazy\" decoding=\"async\" src=\"https:\/\/bakiacil.com\/wp-content\/uploads\/2022\/07\/Kaya-dusmesi-ABD.jpg?v=1658006858\" alt=\"\" class=\"wp-image-4177\" width=\"424\" height=\"339\"\/><\/a><figcaption><a>Foto <\/a>13 &#8211; Kaya d\u00fc\u015fmesi, ABD (Takvim gazetesi, 2005).<\/figcaption><\/figure>\n<\/div>\n<\/div>\n\n\n\n<h4 class=\"wp-block-heading\">Devrilme<\/h4>\n\n\n\n<p> Fazlaca s\u00fcreksizlik i\u00e7eren kayalar\u0131n orijinal konumlar\u0131n\u0131n bozularak y\u0131k\u0131lmalar\u0131na \u201cDevrilme\u201d denilmektedir. Do\u011fada \u00e7e\u015fitli devrilme tipleri saptanm\u0131\u015ft\u0131r. B\u00fck\u00fclme Devrilmesi, Blok Devrilmesi veya her ikisinin kar\u0131\u015f\u0131m\u0131 olan bir devrilme \u00e7e\u015fidi olu\u015fabilir (\u015eekil-5).<\/p>\n\n\n<div class=\"wp-block-image\">\n<figure class=\"aligncenter size-full\"><a href=\"https:\/\/bakiacil.com\/wp-content\/uploads\/2022\/07\/Devrilme-Turleri.jpg\" data-lbwps-width=\"539\" data-lbwps-height=\"629\" data-lbwps-srcsmall=\"https:\/\/bakiacil.com\/wp-content\/uploads\/2022\/07\/Devrilme-Turleri.jpg\"><img loading=\"lazy\" decoding=\"async\" width=\"539\" height=\"629\" src=\"https:\/\/bakiacil.com\/wp-content\/uploads\/2022\/07\/Devrilme-Turleri.jpg?v=1658007036\" alt=\"\" class=\"wp-image-4178\" srcset=\"https:\/\/bakiacil.com\/wp-content\/uploads\/2022\/07\/Devrilme-Turleri.jpg?v=1658007036 539w, https:\/\/bakiacil.com\/wp-content\/uploads\/2022\/07\/Devrilme-Turleri-257x300.jpg?v=1658007036 257w\" sizes=\"auto, (max-width: 539px) 100vw, 539px\" \/><\/a><figcaption><a>\u015eekil <\/a>5 \u2013 Devrilme T\u00fcrleri (K\u0131l\u0131\u00e7, 2004).<\/figcaption><\/figure><\/div>\n\n\n<h4 class=\"wp-block-heading\">Akma<\/h4>\n\n\n\n<p>Konsolide olmam\u0131\u015f (peki\u015fmemi\u015f) malzemelerin doygun veya kuru halde ve yava\u015f veya h\u0131zl\u0131 \u015fekilde yama\u00e7 boyunca k\u0131vaml\u0131 bir s\u0131v\u0131 gibi hareket etmeleri, akma durays\u0131zl\u0131\u011f\u0131na neden olmaktad\u0131r (\u015eekil-6).<\/p>\n\n\n\n<p>Kuru kumlar ile kil boyutundan moloz boyutuna kadar de\u011fi\u015fen malzemelerde bu t\u00fcr durays\u0131zl\u0131k geli\u015febilir ve kum akmas\u0131, \u00e7amur akmas\u0131 ve moloz akmas\u0131 \u015feklinde adland\u0131r\u0131l\u0131r (Foto-14).<\/p>\n\n\n<div class=\"wp-block-image\">\n<figure class=\"aligncenter size-full\"><a href=\"https:\/\/bakiacil.com\/wp-content\/uploads\/2022\/07\/Akma-Turleri.jpg\" data-lbwps-width=\"505\" data-lbwps-height=\"313\" data-lbwps-srcsmall=\"https:\/\/bakiacil.com\/wp-content\/uploads\/2022\/07\/Akma-Turleri.jpg\"><img loading=\"lazy\" decoding=\"async\" width=\"505\" height=\"313\" src=\"https:\/\/bakiacil.com\/wp-content\/uploads\/2022\/07\/Akma-Turleri.jpg?v=1658007069\" alt=\"\" class=\"wp-image-4179\" srcset=\"https:\/\/bakiacil.com\/wp-content\/uploads\/2022\/07\/Akma-Turleri.jpg?v=1658007069 505w, https:\/\/bakiacil.com\/wp-content\/uploads\/2022\/07\/Akma-Turleri-300x186.jpg?v=1658007069 300w\" sizes=\"auto, (max-width: 505px) 100vw, 505px\" \/><\/a><figcaption><a>\u015eekil <\/a>6 \u2013 Akma T\u00fcrleri (\u00c7elik, 2004)<\/figcaption><\/figure><\/div>\n\n<div class=\"wp-block-image\">\n<figure class=\"aligncenter size-full\"><a href=\"https:\/\/bakiacil.com\/wp-content\/uploads\/2022\/07\/Camur-akmasi.jpg\" data-lbwps-width=\"640\" data-lbwps-height=\"479\" data-lbwps-srcsmall=\"https:\/\/bakiacil.com\/wp-content\/uploads\/2022\/07\/Camur-akmasi.jpg\"><img loading=\"lazy\" decoding=\"async\" width=\"640\" height=\"479\" src=\"https:\/\/bakiacil.com\/wp-content\/uploads\/2022\/07\/Camur-akmasi.jpg?v=1658007098\" alt=\"\" class=\"wp-image-4180\" srcset=\"https:\/\/bakiacil.com\/wp-content\/uploads\/2022\/07\/Camur-akmasi.jpg?v=1658007098 640w, https:\/\/bakiacil.com\/wp-content\/uploads\/2022\/07\/Camur-akmasi-300x225.jpg?v=1658007098 300w\" sizes=\"auto, (max-width: 640px) 100vw, 640px\" \/><\/a><figcaption><a>Foto <\/a>14 &#8211; \u00c7amur akmas\u0131 (D\u00f6nekli, 2002)<\/figcaption><\/figure><\/div>\n\n\n<h4 class=\"wp-block-heading\">Kayma<\/h4>\n\n\n\n<p>Kayma, \u015fevi olu\u015fturan malzemede, belirgin bir y\u00fczey boyunca ve makaslama yenilmesine ba\u015fl\u0131 olarak, kaz\u0131 bo\u015flu\u011funa do\u011fru d\u00f6nel veya \u00f6telenmeli (d\u00fczlem \u00fczerinde) bir hareket sonucu meydana gelen bir durays\u0131zl\u0131k t\u00fcr\u00fcd\u00fcr.<\/p>\n\n\n\n<p>\u015eevlerde kar\u015f\u0131la\u015f\u0131lan en ayg\u0131n durays\u0131zl\u0131k t\u00fcr\u00fc olan kaymalar, D\u00f6nel, \u00d6telenmeli kaymalar olmak \u00fczere iki \u015fekilde geli\u015firler.<\/p>\n\n\n\n<p>Dairesel (d\u00f6nel) Kayma: Bu t\u00fcr kaymalar, dairesel (ka\u015f\u0131k \u015feklinde) y\u00fczeyler boyunca geli\u015fir ve hareket s\u0131ras\u0131nda kayan k\u00fctle geriye do\u011fru yatm\u0131\u015f bir konum kazan\u0131r. Kayma yava\u015f veya orta derecede bir h\u0131zla ve belirgin bir yenilme y\u00fczeyi boyunca meydana gelir (\u015eekil-7).<\/p>\n\n\n<div class=\"wp-block-image\">\n<figure class=\"aligncenter size-full\"><a href=\"https:\/\/bakiacil.com\/wp-content\/uploads\/2022\/07\/Kayma-Acisi-Ve-Duzlemleri.jpg\" data-lbwps-width=\"558\" data-lbwps-height=\"132\" data-lbwps-srcsmall=\"https:\/\/bakiacil.com\/wp-content\/uploads\/2022\/07\/Kayma-Acisi-Ve-Duzlemleri.jpg\"><img loading=\"lazy\" decoding=\"async\" width=\"558\" height=\"132\" src=\"https:\/\/bakiacil.com\/wp-content\/uploads\/2022\/07\/Kayma-Acisi-Ve-Duzlemleri.jpg?v=1658007152\" alt=\"\" class=\"wp-image-4181\" srcset=\"https:\/\/bakiacil.com\/wp-content\/uploads\/2022\/07\/Kayma-Acisi-Ve-Duzlemleri.jpg?v=1658007152 558w, https:\/\/bakiacil.com\/wp-content\/uploads\/2022\/07\/Kayma-Acisi-Ve-Duzlemleri-300x71.jpg?v=1658007152 300w\" sizes=\"auto, (max-width: 558px) 100vw, 558px\" \/><\/a><figcaption><a>\u015eekil <\/a>7 \u2013 Kayma A\u00e7\u0131s\u0131 Ve D\u00fczlemleri (Ertu\u011frul, 2004).<\/figcaption><\/figure><\/div>\n\n\n<p>Dairesel kayma; kil, silt, kum vb t\u00fcrdeki toprak zeminlerin yan\u0131 s\u0131ra, akarsu kanallar\u0131nda, yol yarmalar\u0131nda, dolgularda, at\u0131k y\u0131\u011f\u0131nlar\u0131nda ve ileri derecede eklemli kaya k\u00fctlelerinde ve\/veya ileri derecede ayr\u0131\u015fm\u0131\u015f kaya\u00e7larda meydana gelir (\u015eekil-8) (Foto-15).<\/p>\n\n\n<div class=\"wp-block-image\">\n<figure class=\"aligncenter size-full is-resized\"><a href=\"https:\/\/bakiacil.com\/wp-content\/uploads\/2022\/07\/Kayma-Duzlemi.jpg\" data-lbwps-width=\"316\" data-lbwps-height=\"104\" data-lbwps-srcsmall=\"https:\/\/bakiacil.com\/wp-content\/uploads\/2022\/07\/Kayma-Duzlemi.jpg\"><img loading=\"lazy\" decoding=\"async\" src=\"https:\/\/bakiacil.com\/wp-content\/uploads\/2022\/07\/Kayma-Duzlemi.jpg?v=1658007176\" alt=\"\" class=\"wp-image-4182\" width=\"449\" height=\"148\" srcset=\"https:\/\/bakiacil.com\/wp-content\/uploads\/2022\/07\/Kayma-Duzlemi.jpg?v=1658007176 316w, https:\/\/bakiacil.com\/wp-content\/uploads\/2022\/07\/Kayma-Duzlemi-300x99.jpg?v=1658007176 300w\" sizes=\"auto, (max-width: 449px) 100vw, 449px\" \/><\/a><figcaption><a>\u015eekil <\/a>8 \u2013 Kayma D\u00fczlemi (Ertu\u011frul, 2004).<\/figcaption><\/figure><\/div>\n\n<div class=\"wp-block-image\">\n<figure class=\"aligncenter size-full\"><a href=\"https:\/\/bakiacil.com\/wp-content\/uploads\/2022\/07\/Toprak-kaymasi.jpg\" data-lbwps-width=\"501\" data-lbwps-height=\"360\" data-lbwps-srcsmall=\"https:\/\/bakiacil.com\/wp-content\/uploads\/2022\/07\/Toprak-kaymasi.jpg\"><img loading=\"lazy\" decoding=\"async\" width=\"501\" height=\"360\" src=\"https:\/\/bakiacil.com\/wp-content\/uploads\/2022\/07\/Toprak-kaymasi.jpg?v=1658007206\" alt=\"\" class=\"wp-image-4183\" srcset=\"https:\/\/bakiacil.com\/wp-content\/uploads\/2022\/07\/Toprak-kaymasi.jpg?v=1658007206 501w, https:\/\/bakiacil.com\/wp-content\/uploads\/2022\/07\/Toprak-kaymasi-300x216.jpg?v=1658007206 300w\" sizes=\"auto, (max-width: 501px) 100vw, 501px\" \/><\/a><figcaption><a>Foto <\/a>15 \u2013 Toprak kaymas\u0131 (JMO, 2005).<\/figcaption><\/figure><\/div>\n\n\n<p>Bu t\u00fcr t\u00fcr durays\u0131zl\u0131klarda kaymalar, d\u00fcz veya \u00e7ok az ond\u00fclasyonlu bir y\u00fczey boyunca geli\u015fen makaslama yenilmesine ba\u011fl\u0131 olarak, malzemenin kayma y\u00fczeyine paralel \u015fekilde \u00f6ne do\u011fru hareketiyle geli\u015fir.<\/p>\n\n\n\n<p>Bu t\u00fcr durays\u0131zl\u0131klar kaya\u00e7 veya oprak zemin malzemesine oranla daha d\u00fc\u015f\u00fck makaslama dayan\u0131m\u0131na sahip olan s\u00fcreksizlik y\u00fczeyleri (tabakalanma, eklem, fay, makaslama zonu, \u015fistozite vb) boyunca meydana gelen, dolay\u0131s\u0131yla s\u00fcreksizlik denetimli durays\u0131zl\u0131klard\u0131r.<\/p>\n\n\n\n<h3 class=\"wp-block-heading\">\u00d6telenmeli (D\u00fczlemsel) Kayma T\u00fcrleri;<\/h3>\n\n\n\n<h4 class=\"wp-block-heading\">D\u00fczlemsel Kayma<\/h4>\n\n\n\n<p>E\u011fimi \u015fev e\u011fiminden k\u00fc\u00e7\u00fck olan d\u00fc\u015f\u00fck dayan\u0131ml\u0131 zay\u0131f bir d\u00fczlem \u00fczerindeki k\u00fctlenin kaz\u0131 bo\u015flu\u011funa do\u011fru hareket etmesidir.<\/p>\n\n\n\n<h4 class=\"wp-block-heading\">Kama T\u00fcr\u00fc Kayma<\/h4>\n\n\n\n<p>Bu t\u00fcr durays\u0131zl\u0131k, kesi\u015fen iki s\u00fcreksizli\u011fin olu\u015fturdu\u011fu tetrahedral bir kama blo\u011funun, e\u011fimi \u015fevinkinden daha yat\u0131k olan kesi\u015fme hatt\u0131 boyunca \u00f6ne do\u011fru hareket etmesi sonucu meydana gelir.<\/p>\n\n\n\n<h4 class=\"wp-block-heading\">\u0130ki Veya \u00c7ok Y\u00fczeyli Kayma<\/h4>\n\n\n\n<p>Bu durays\u0131zl\u0131k t\u00fcr\u00fc, birden fazla s\u00fcreksizlik veya zay\u0131fl\u0131k y\u00fczeyi \u00fczerinde meydana gelir. \u00d6zellikle fay veya tabakalanma y\u00fczeylerinin birle\u015fmesi sonucu do\u011fal ortamlarda veya zay\u0131f zeminler \u00fczerinde yer alan pasa y\u0131\u011f\u0131nlar\u0131 ile dolgularda geli\u015febilen tipik bir durays\u0131zl\u0131kt\u0131r.<\/p>\n\n\n\n<h4 class=\"wp-block-heading\">Yanal Yay\u0131lma;<\/h4>\n\n\n\n<p>Bu t\u00fcr durays\u0131zl\u0131\u011f\u0131n meydana gelmesinde, makaslama ve \u00e7ekme \u00e7atlaklar\u0131n\u0131n e\u015flik etti\u011fi yanal bir geni\u015fleme hareketi rol oynamaktad\u0131r.<\/p>\n\n\n\n<p>\u0130ki t\u00fcr\u00fc bulunmaktad\u0131r.<\/p>\n\n\n\n<h4 class=\"wp-block-heading\">Yanal Kaya Yay\u0131lmas\u0131<\/h4>\n\n\n\n<p>\u015eev yumu\u015fak bir malzemenin \u00fczerinde yer alan daha s\u0131k\u0131-sert birimden olu\u015fur.<\/p>\n\n\n\n<p>Yumu\u015fak malzeme \u015fevin d\u0131\u015f\u0131na do\u011fru plastik bir davran\u0131\u015f sergiler ve akma \u015feklindeki harekete ba\u011fl\u0131 olarak alttaki sert malzeme de bloklara ayr\u0131l\u0131r ve plastik malzeme taraf\u0131ndan ta\u015f\u0131narak bu harekete kat\u0131l\u0131r.<\/p>\n\n\n\n<h4 class=\"wp-block-heading\">Yanal Zemin Yay\u0131lmas\u0131<\/h4>\n\n\n\n<p>Bu durays\u0131zl\u0131k t\u00fcr\u00fc killi, g\u00f6receli olarak zay\u0131f ve s\u00fcn\u00fcml\u00fc bir malzeme i\u00e7inde y\u00fczer konumdaki sert ve eklemli b\u00fcy\u00fck kaya bloklar\u0131n\u0131n bu malzeme ile birlikte yava\u015f bir harekete maruz kalmas\u0131n\u0131 tan\u0131mlar. Y\u0131ll\u0131k hareket h\u0131z\u0131 10-25 mm aras\u0131nda de\u011fi\u015fir ve genellikle hareket kolay fark edilmez. A\u015f\u0131r\u0131 g\u00f6zenek suyu bas\u0131nc\u0131 hareketi etkileyen \u00f6nemli fakt\u00f6rlerden biridir.<\/p>\n\n\n\n<h3 class=\"wp-block-heading\">HEYELAN OLU\u015eTURAN FAKT\u00d6RLER<\/h3>\n\n\n\n<p>Heyelan gerek do\u011fal gerekse yapay fakt\u00f6rlerin etkisi alt\u0131nda meydana gelebilirler. B\u00f6lgenin jeolojik tarih\u00e7esi ve insan aktivitesi sonucu b\u00f6lgede meydana gelen de\u011fi\u015fiklikler \u015fevlerin dayan\u0131m\u0131n\u0131n bozulmas\u0131na etki eder.<\/p>\n\n\n\n<p>Ayr\u0131ca meydana gelen&nbsp; de kritik denge konumundaki yamac\u0131n stabilitesini bozarak kaymaya neden olabilmektedir. \u015eev stabilitesine etki eden en birincil fakt\u00f6r yer\u00e7ekimi etkisidir.<\/p>\n\n\n\n<p>Heyelana neden olan fakt\u00f6rler de\u011fi\u015fik \u015fekillerde s\u0131n\u0131fland\u0131r\u0131lm\u0131\u015f olup d\u00f6rt ana fakt\u00f6r \u015funlard\u0131r:<\/p>\n\n\n\n<p>a-) \u015eev a\u00e7\u0131s\u0131 (Topografya),<\/p>\n\n\n\n<p>b-) Ya\u011f\u0131\u015f, (Yo\u011fun ya\u011f\u0131\u015f, Ani kar erimesi)<\/p>\n\n\n\n<p>c-) Tekrar aktivite kazanabilecek eski heyelan k\u00fctlelerinin varl\u0131\u011f\u0131<\/p>\n\n\n\n<p>d-) Ana kaya ve onu \u00fczerleyen konsolide olmam\u0131\u015f birimlerin litolojik \u00f6zellikleri (Jeoloji),<\/p>\n\n\n\n<p>Heyelana neden olan fakt\u00f6rler;<\/p>\n\n\n\n<p>Jeolojik, Morfolojik, Fiziksel ve \u0130nsan aktivitesi olarak ayr\u0131labilmektedir.<\/p>\n\n\n\n<p>Fakat bu \u00e7al\u0131\u015fmada,&nbsp; i\u00e7 ve d\u0131\u015f nedenler olmak \u00fczere ikiye ayr\u0131lm\u0131\u015ft\u0131r.<\/p>\n\n\n\n<h4 class=\"wp-block-heading\">D\u0131\u015f Nedenler<\/h4>\n\n\n\n<p>a- \u015eev ve yama\u00e7 eteklerinde yap\u0131lan kaz\u0131lar,<\/p>\n\n\n\n<p>b- \u015eev ve yama\u00e7 topuklar\u0131n\u0131n sular taraf\u0131ndan oyulmas\u0131,<\/p>\n\n\n\n<p>c- A\u015f\u0131nma ile \u015fev e\u011fiminin artmas\u0131, yani \u015fev y\u00fcksekli\u011fini (H) ve \u015fev a\u00e7\u0131s\u0131n\u0131n (\u03b2) de\u011fi\u015fmesi<\/p>\n\n\n\n<p>d- Zemine do\u011fal ve yapay olarak ek y\u00fcklerin y\u00fcklenmesi,<\/p>\n\n\n\n<p>e- Zemin \u00fcst\u00fcndeki bitki \u00f6rt\u00fcs\u00fcn\u00fcn kald\u0131r\u0131lmas\u0131, y\u00fczey sular\u0131n\u0131n s\u0131zmas\u0131n\u0131n<\/p>\n\n\n\n<p>olayla\u015ft\u0131r\u0131lmas\u0131<\/p>\n\n\n\n<p>f- \u00c7atlak ve fiss\u00fcrlerde sular\u0131n donmas\u0131,<\/p>\n\n\n\n<p>g- Yapay patlamalar ve sars\u0131nt\u0131lar (dinamit patlat\u0131lmas\u0131 gibi) olarak verilebilir<\/p>\n\n\n\n<h4 class=\"wp-block-heading\">\u0130\u00e7 Nedenler<\/h4>\n\n\n\n<p>Bo\u015fluk suyu bas\u0131nc\u0131n\u0131n artmas\u0131,<\/p>\n\n\n\n<p>b- \u015eev ve malzeme kohezyonunun azalmas\u0131,<\/p>\n\n\n\n<p>c- Kabarma ve \u015fi\u015fme bas\u0131n\u00e7lar\u0131<\/p>\n\n\n\n<p>Kar ve ya\u011fmur, yeralt\u0131 su d\u00fczeyinin de\u011fi\u015fmesine, \u015fev malzemesinin k\u0131smen ya da tamamen doygun s\u00fcspansiyon haline gelmesine ve dolay\u0131s\u0131yla bo\u015fluk suyu bas\u0131nc\u0131n\u0131n artmas\u0131na, i\u00e7sel s\u00fcrt\u00fcnmenin azalmas\u0131na neden olmaktad\u0131r.<\/p>\n\n\n\n<p>Bundan dolay\u0131, b\u00fcy\u00fck&nbsp; \u015fiddetli ya\u011f\u0131\u015flardan sonra olu\u015fur. Ayr\u0131ca su, zeminin birim hacim a\u011f\u0131rl\u0131\u011f\u0131n\u0131 azalt\u0131r ve ince taneli kum zeminlerde kohezyonu sa\u011flayan y\u00fczeysel gerilimi azalt\u0131r.<\/p>\n\n\n\n<h3 class=\"wp-block-heading\">HEYELANLAR NE ZAMAN OLU\u015eUR?<\/h3>\n\n\n\n<p>Mevsimlere g\u00f6re genel da\u011f\u0131l\u0131m\u0131na bak\u0131ld\u0131\u011f\u0131nda, heyelanlar\u0131n en \u00e7ok ilkbahar aylar\u0131nda g\u00f6r\u00fcld\u00fc\u011f\u00fc (yakla\u015f\u0131k % 64) tespit edilmi\u015ftir.5 Bu mevsimde heyelanlar\u0131n s\u0131k g\u00f6r\u00fclmesinin sebebi, karlar\u0131n erimesi ve ya\u011f\u0131\u015flar\u0131n bol olmas\u0131d\u0131r. Bir\u00e7ok tetikleyici fakt\u00f6r\u00fcn rol oynad\u0131\u011f\u0131 heyelanlar; birka\u00e7 saniye gibi k\u0131sa s\u00fcrede meydana gelebildi\u011fi gibi, \u00e7evredeki unsurlara ba\u011fl\u0131 olarak uzun s\u00fcrede de geli\u015febilmektedir.<br>2006 y\u0131l\u0131nda Filipinlerde meydana gelen ve yakla\u015f\u0131k 1.700 ki\u015finin \u00f6lmesine veya kaybolmas\u0131na; Endonezya\u2019da ise 80 evin toprak alt\u0131nda kalmas\u0131na ve en az 160 ki\u015finin \u00f6lmesine sebep olan heyelanlar, ani ortaya \u00e7\u0131kanlara misal verilebilir. Tetikleyici fakt\u00f6rlere ba\u011fl\u0131 geli\u015fen heyelanlara; 2005 y\u0131l\u0131nda Pakistan\u2019da 30.000 civar\u0131nda insan\u0131n \u00f6l\u00fcm\u00fcne, 50.000 civar\u0131nda insan\u0131n da yaralanmas\u0131na yol a\u00e7an 7,6 b\u00fcy\u00fckl\u00fc\u011f\u00fcndeki bir zelzelenin tetiklemesiyle olu\u015fanlar \u00f6rnek verilebilir. Bu deprem neticesinde olu\u015fan heyelanlar yollar\u0131n kapanmas\u0131na ve ula\u015f\u0131m g\u00fc\u00e7l\u00fckleri olan b\u00f6lgelerde \u00f6l\u00fc ve yaral\u0131 say\u0131s\u0131n\u0131n artmas\u0131na sebebiyet vermi\u015ftir.<\/p>\n\n\n\n<p>Heyelanlar\u0131n, tam olarak ne zaman ve ne s\u0131kl\u0131kta olu\u015fabilece\u011fi bilinmese de, bu tabii afetleri ilmin metotlar\u0131yla takip etmek, \u00f6nlem almak ve zararlar\u0131n\u0131 en aza indirmek m\u00fcmk\u00fcnd\u00fcr. G\u00fcn\u00fcm\u00fczde heyelanlar\u0131n nas\u0131l meydana geldi\u011fine ve heyelana hassas sahalar\u0131n hangileri oldu\u011funa dair \u00e7al\u0131\u015fmalar yap\u0131lmaktad\u0131r. Bu ama\u00e7la, hem yerinde saha \u00e7al\u0131\u015fmalar\u0131, hem de uydu teknikleri kullan\u0131larak \u2018heyelan risk haritalar\u0131n\u0131n haz\u0131rlanmas\u0131na h\u0131z verilmi\u015ftir.<\/p>\n\n\n\n<h3 class=\"wp-block-heading\">HEYELANDAN KORUNMAK M\u00dcMK\u00dcN M\u00dc?<\/h3>\n\n\n\n<p>Heyelanlar, d\u00fcnyan\u0131n her yerinde can ve mal kay\u0131plar\u0131na yol a\u00e7maktad\u0131r. Amerika Jeolojik Ara\u015ft\u0131rmalar Kurumu\u2019nun (USGS) bir ara\u015ft\u0131rma raporu neticesine g\u00f6re Amerika\u2019da 1985\u2019in son \u00fc\u00e7 ay\u0131nda heyelanlardan dolay\u0131 \u00f6len insan say\u0131s\u0131, son 20 y\u0131lda di\u011fer jeolojik afetlerden (zelzele, volkan patlamalar\u0131) \u00f6len insan say\u0131s\u0131ndan daha fazlad\u0131r. Yine son 20 y\u0131lda heyelanlardan kaynaklanan m\u00fclkiyet zararlar\u0131, zelzelelerden kaynaklananlara nispeten daha fazlad\u0131r.<\/p>\n\n\n\n<p>Heyelanlar\u0131n sebep oldu\u011fu bu sosyal ve ekonomik kay\u0131plar, hassas bir pl\u00e2nlama ve idareyle azalt\u0131labilir. Heyelan riski m\u00fchendislik ve yerbilimleri ara\u015ft\u0131rmalar\u0131yla ve halk bilin\u00e7lendirilerek en aza indirilebilir. Bu \u00e7er\u00e7evede kanun ve y\u00f6netmeliklerle heyelanl\u0131 alanlara yap\u0131la\u015fma izni verilmeyece\u011fi vurgulan\u0131r ve bu ciddi bir \u015fekilde denetlenerek heyelan\u0131n zararlar\u0131 en aza indirilebilir. Jeologlar; jeolojik harita yaparak, heyelan olu\u015fmas\u0131 muhtemel alanlar\u0131 belirlerler ve y\u00fcksek riskli arazileri tespit ederek m\u00fchendislere, pl\u00e2nlamac\u0131lara, yap\u0131 denetim elemanlar\u0131na ve b\u00f6lge sakinlerine y\u00fcksek riskli alanlardan ka\u00e7\u0131nmalar\u0131 i\u00e7in gerekli bilgiyi sunarlar. Bu \u015fekilde; ev, okul, hastane, enerji hatt\u0131 ve yol gibi yap\u0131lar muhtemel heyelan riskli alanlardan uza\u011fa tesis edilebilir.<\/p>\n\n\n\n<h1 class=\"wp-block-heading\">H\u0130DROLOJ\u0130K ve METEOROLOJ\u0130K R\u0130SK<\/h1>\n\n\n\n<p>Sel ister b\u00fcy\u00fck nehirlerin k\u0131y\u0131s\u0131na yerle\u015fmi\u015f, ister da\u011f yama\u00e7lar\u0131nda ya\u015f\u0131yor olsun, isterse \u00e7\u00f6llerde bulunsun her yerdeki insanlar\u0131n rastlayabilece\u011fi t\u00fcrde bir do\u011fa olay\u0131d\u0131r. Yerle\u015filen yerlerdeki \u00e7e\u015fitlilik g\u00f6r\u00fclme s\u0131kl\u0131\u011f\u0131n\u0131 de\u011fi\u015ftirmesine ra\u011fmen \u00f6zellikle sel olay\u0131n\u0131 dikkate almadan kurulan altyap\u0131lar bu do\u011fa olay\u0131n\u0131n bir faciaya d\u00f6n\u00fc\u015fmesine neden olabilmektedir. \u00dclkemizde sadece 1995 y\u0131l\u0131nda \u00fc\u00e7 b\u00f6lgede&nbsp; g\u00f6r\u00fclen sel olay\u0131 160 ki\u015finin \u00f6l\u00fcm\u00fcne neden olurken her y\u0131l can kayb\u0131na neden olmayan seller sonucu milyarlarca liral\u0131k ekonomik kay\u0131plar ya\u015fanmaktad\u0131r. Bu ama\u00e7la geli\u015fmi\u015f \u00fclkeler sel riskini en aza indirmek i\u00e7in erken uyar\u0131 sistemleri geli\u015ftirerek \u00f6zellikle can kayb\u0131n\u0131 en aza indirmeyi ba\u015farm\u0131\u015flard\u0131r &nbsp;(www.mustafaeryigit.com, 2007).<\/p>\n\n\n\n<p>Hidrolojik riskler ayn\u0131 zamanda meteoroloji ye de ba\u011fl\u0131d\u0131r. Sistem ya\u011f\u0131\u015flarla do\u011frudan ili\u015fkilidir. Ve bu kapsamda hidrolojik riskler hidro-meteorolojik risk olarak incelenebilir. Su her hal\u00fckarda bir risk olu\u015fturmakta d\u0131r. A\u015f\u0131r\u0131 ya\u011f\u0131\u015flar selle\u015fmelere neden olurken, ya\u011f\u0131\u015f olmayan b\u00f6lgelerde de kurakl\u0131k bir risk olu\u015fturur. Deprem ve sel felaketlerinden sonra ikinci dereceden do\u011fal afetlerden say\u0131lan \u00e7\u0131\u011f, her y\u0131l d\u00fcnyan\u0131n bir \u00e7ok yerinde \u00e7ok say\u0131da insan\u0131n hayat\u0131n\u0131 yitirmesine ve yerle\u015fim yerlerinde zarar g\u00f6rmesine neden olmaktad\u0131r (bilim ve teknik, 1997).<\/p>\n\n\n\n<p>&nbsp;Bunun i\u00e7in bu ba\u015fl\u0131kta&nbsp; nehir ta\u015fk\u0131nlar\u0131 ba\u015fta olmak \u00fczere ayn\u0131 zamanda;&nbsp; \u00c7\u0131\u011f, kurakl\u0131k, \u00c7\u00f6lle\u015fme, K\u00fcresel \u0131s\u0131nma, Tsunami gibi riskleri de irdeleyece\u011fiz.<\/p>\n\n\n\n<h2 class=\"wp-block-heading\">NEH\u0130R TA\u015eKINLARI<\/h2>\n\n\n\n<p>Meteorolojik nedenlerle kendili\u011finden geli\u015fen hallerde veya baraj kapaklar\u0131n\u0131n a\u00e7\u0131lmas\u0131yla nehrin normal yata\u011f\u0131n\u0131n d\u0131\u015f\u0131na ta\u015farak \u00e7evreye zarar vermesi durumu su alt\u0131nda b\u0131rakarak, evleri ve altyap\u0131y\u0131 y\u0131karak etkili olur&nbsp;&nbsp;&nbsp;&nbsp;&nbsp; (Foto-16).<\/p>\n\n\n<div class=\"wp-block-image\">\n<figure class=\"aligncenter size-full is-resized\"><a href=\"https:\/\/bakiacil.com\/wp-content\/uploads\/2022\/07\/Nehir-taskini.jpg\" data-lbwps-width=\"750\" data-lbwps-height=\"500\" data-lbwps-srcsmall=\"https:\/\/bakiacil.com\/wp-content\/uploads\/2022\/07\/Nehir-taskini.jpg\"><img loading=\"lazy\" decoding=\"async\" src=\"https:\/\/bakiacil.com\/wp-content\/uploads\/2022\/07\/Nehir-taskini.jpg\" alt=\"\" class=\"wp-image-4184\" width=\"456\" height=\"304\" srcset=\"https:\/\/bakiacil.com\/wp-content\/uploads\/2022\/07\/Nehir-taskini.jpg?v=1658007598 750w, https:\/\/bakiacil.com\/wp-content\/uploads\/2022\/07\/Nehir-taskini-300x200.jpg?v=1658007598 300w\" sizes=\"auto, (max-width: 456px) 100vw, 456px\" \/><\/a><figcaption><a>Foto <\/a>16 &#8211; Nehir ta\u015fk\u0131n\u0131 (Edirne Belediyesi, 2006).<\/figcaption><\/figure><\/div>\n\n\n<p>\u015eiddetli r\u00fczgarla birlikte tropikal f\u0131rt\u0131nalar ve harikeynler (hurrican) \u00f6zellikle Atlantik okyanusu k\u0131y\u0131lar\u0131nda kuvvetli k\u0131y\u0131 selleri olu\u015fturur. S\u00fcrekli ve \u015fiddetli r\u00fczgar b\u00fcy\u00fck bir dalgaya sebep olarak suyu karan\u0131n i\u00e7lerine kadar s\u00fcr\u00fckler. G\u00f6l b\u00f6lgelerinde de benzer atmosferik \u015fartlar veya depremler g\u00f6l seviyesinde de\u011fi\u015fimlere ve sellere sebep olur.<\/p>\n\n\n\n<p>Selin en s\u0131k rastlanan sebebi kuvvetli ve uzun s\u00fcreli ya\u011f\u0131\u015ft\u0131r. Seller kar erimesi sonucu olu\u015fan kuvvetli ak\u0131\u015flar veya drenaj kanallar\u0131n\u0131n t\u0131kanmas\u0131 sonucunda da meydana gelebilir. G\u00fcn\u00fcm\u00fczde rastlan\u0131lan en yayg\u0131n sebep ise; kuvvetli ya\u011fmur f\u0131rt\u0131nalar\u0131nda drenaj sistemlerindeki yetersizlik sonucu ana nehir kanallar\u0131n\u0131n tamamen dolu olmas\u0131 ile meydana gelen ta\u015fmalar sonucu olu\u015fan sellerdir. Da\u011fl\u0131k b\u00f6lgelerde ise seller kar erimesi veya ya\u011f\u0131\u015fla birle\u015fen kar suyundan meydana gelir. \u00c7ok nadir olarak da barajlar\u0131n \u00e7\u00f6kmesi ve ta\u015fmas\u0131ndan kaynaklanan sellere rastlan\u0131lmaktad\u0131r.<\/p>\n\n\n\n<p>Akarsular\u0131n suta\u015f\u0131ma miktar\u0131 de\u011fi\u015fkenlik g\u00f6sterir. Bazen uzun s\u00fcre ya\u011f\u0131\u015f olmayan veya az ya\u011f\u0131\u015f alan bir alanda ak\u0131\u015flar yava\u015flar bazen de ayn\u0131 alanda ya\u011f\u0131\u015fl\u0131 bir periyotta g\u00fc\u00e7l\u00fc ak\u0131\u015flar olabilir. Sellerin miktar\u0131ndaki de\u011fi\u015fkenlik ya\u011f\u0131\u015f\u0131n yo\u011funlu\u011funa, ya\u011f\u0131\u015f miktar\u0131na, kar erime oran\u0131na ve\/veya di\u011fer fakt\u00f6rlere ba\u011fl\u0131d\u0131r.<\/p>\n\n\n\n<p>\u0130ki akarsu havzas\u0131 aras\u0131ndaki ya\u011f\u0131\u015f toplam\u0131 veya toplama alan\u0131ndaki depolama miktar\u0131 sel potansiyelinde \u00f6nemli rol oynar (Sivil Savunma, Do\u011fal Afetler ve Arama Kurtarma, 2008).<\/p>\n\n\n\n<p>Sele en \u00e7ok nehir yataklar\u0131ndan ta\u015fmalar sonucu rastlan\u0131r. (Foto-17) Ani ve kuvvetli ya\u011f\u0131\u015flar ve kar erimesi sonucu&nbsp; ta\u015fmalar olu\u015fmaktad\u0131r. Nehir yataklar\u0131na gelen suyun sele d\u00f6n\u00fc\u015fmesine yataklar\u0131n amac\u0131 d\u0131\u015f\u0131nda kullan\u0131lmas\u0131 da \u00e7ok etkili olmaktad\u0131r. G\u00fcn\u00fcm\u00fczde \u00e7arp\u0131k kentle\u015fme sonucu dere yataklar\u0131n\u0131n gecekondula\u015fma b\u00f6lgesi haline gelmesi, a\u011fa\u00e7land\u0131r\u0131lmas\u0131, doldurulmas\u0131 veya nehir yataklar\u0131n\u0131n de\u011fi\u015ftirilmesi sonucu her y\u0131l \u00fclkemizde b\u00fcy\u00fck mal ve hatta can kay\u0131plar\u0131na rastlanmaktad\u0131r (Foto-18).<\/p>\n\n\n<div class=\"wp-block-image\">\n<figure class=\"aligncenter size-full is-resized\"><a href=\"https:\/\/bakiacil.com\/wp-content\/uploads\/2022\/07\/Sel-akintilarinin-gucu.jpg\" data-lbwps-width=\"460\" data-lbwps-height=\"305\" data-lbwps-srcsmall=\"https:\/\/bakiacil.com\/wp-content\/uploads\/2022\/07\/Sel-akintilarinin-gucu.jpg\"><img loading=\"lazy\" decoding=\"async\" src=\"https:\/\/bakiacil.com\/wp-content\/uploads\/2022\/07\/Sel-akintilarinin-gucu.jpg\" alt=\"\" class=\"wp-image-4185\" width=\"540\" height=\"358\" srcset=\"https:\/\/bakiacil.com\/wp-content\/uploads\/2022\/07\/Sel-akintilarinin-gucu.jpg?v=1658007624 460w, https:\/\/bakiacil.com\/wp-content\/uploads\/2022\/07\/Sel-akintilarinin-gucu-300x199.jpg?v=1658007624 300w\" sizes=\"auto, (max-width: 540px) 100vw, 540px\" \/><\/a><figcaption><a>Foto <\/a>17 &#8211; Sel ak\u0131nt\u0131lar\u0131n\u0131n g\u00fcc\u00fc (Baran, 2006).<\/figcaption><\/figure><\/div>\n\n\n<p>Da\u011fl\u0131k alanlarda ya\u011f\u0131\u015f ve tepelerdeki kar\u0131n erimesi sonucu dere yataklar\u0131&nbsp; ta\u015f\u0131yamayaca\u011f\u0131 miktarda su ile dolar ve ani seller olu\u015fur. \u00d6zellikle da\u011f eteklerindeki yerle\u015fim yerleri i\u00e7in heyelan tehlikesi de yaratan bu seller olduk\u00e7a tehlikeli olmaktad\u0131r (Foto-19).<\/p>\n\n\n\n<div class=\"wp-block-columns is-layout-flex wp-container-core-columns-is-layout-9d6595d7 wp-block-columns-is-layout-flex\">\n<div class=\"wp-block-column is-layout-flow wp-block-column-is-layout-flow\">\n<figure class=\"wp-block-image size-full\"><a href=\"https:\/\/bakiacil.com\/wp-content\/uploads\/2022\/07\/Samsun-sellenme.jpg\" data-lbwps-width=\"400\" data-lbwps-height=\"300\" data-lbwps-srcsmall=\"https:\/\/bakiacil.com\/wp-content\/uploads\/2022\/07\/Samsun-sellenme.jpg\"><img loading=\"lazy\" decoding=\"async\" width=\"400\" height=\"300\" src=\"https:\/\/bakiacil.com\/wp-content\/uploads\/2022\/07\/Samsun-sellenme.jpg\" alt=\"\" class=\"wp-image-4186\" srcset=\"https:\/\/bakiacil.com\/wp-content\/uploads\/2022\/07\/Samsun-sellenme.jpg?v=1658007675 400w, https:\/\/bakiacil.com\/wp-content\/uploads\/2022\/07\/Samsun-sellenme-300x225.jpg?v=1658007675 300w\" sizes=\"auto, (max-width: 400px) 100vw, 400px\" \/><\/a><figcaption><a>Foto <\/a>18 &#8211; Samsun sellenme (Sivil savunma, 2008).<\/figcaption><\/figure>\n<\/div>\n\n\n\n<div class=\"wp-block-column is-layout-flow wp-block-column-is-layout-flow\">\n<figure class=\"wp-block-image size-full is-resized\"><a href=\"https:\/\/bakiacil.com\/wp-content\/uploads\/2022\/07\/Samsun-sellenme-gucu.jpg\" data-lbwps-width=\"800\" data-lbwps-height=\"600\" data-lbwps-srcsmall=\"https:\/\/bakiacil.com\/wp-content\/uploads\/2022\/07\/Samsun-sellenme-gucu.jpg\"><img loading=\"lazy\" decoding=\"async\" src=\"https:\/\/bakiacil.com\/wp-content\/uploads\/2022\/07\/Samsun-sellenme-gucu.jpg\" alt=\"\" class=\"wp-image-4187\" width=\"414\" height=\"310\" srcset=\"https:\/\/bakiacil.com\/wp-content\/uploads\/2022\/07\/Samsun-sellenme-gucu.jpg?v=1658007681 800w, https:\/\/bakiacil.com\/wp-content\/uploads\/2022\/07\/Samsun-sellenme-gucu-300x225.jpg?v=1658007681 300w, https:\/\/bakiacil.com\/wp-content\/uploads\/2022\/07\/Samsun-sellenme-gucu-768x576.jpg?v=1658007681 768w\" sizes=\"auto, (max-width: 414px) 100vw, 414px\" \/><\/a><figcaption><a>Foto <\/a>19 &#8211; Sel ak\u0131nt\u0131lar\u0131n\u0131n G\u00fcc\u00fc (Ate\u015f, 2002).<\/figcaption><\/figure>\n<\/div>\n<\/div>\n\n\n\n<h2 class=\"wp-block-heading\">\u00c7I\u011e TEHL\u0130KES\u0130<\/h2>\n\n\n\n<p>\u00c7\u0131\u011f, genelde orman \u00f6rt\u00fcs\u00fc olmayan engebeli da\u011fl\u0131k b\u00f6l\u00fcmlerinde, orman \u00f6rt\u00fcs\u00fcn\u00fcn yok edili\u015finin etkisiyle da\u011fl\u0131k ve e\u011fimli arazilerde tabakalar halinde birikmi\u015f olan kar k\u00fctlesinin i\u00e7 ve d\u0131\u015f kuvvetler etkisinde da\u011f veya vadi taban\u0131na do\u011fru kaymas\u0131yla tan\u0131mlan\u0131r (Foto-20).<\/p>\n\n\n<div class=\"wp-block-image\">\n<figure class=\"aligncenter size-full\"><a href=\"https:\/\/bakiacil.com\/wp-content\/uploads\/2022\/07\/Cig.jpg\" data-lbwps-width=\"400\" data-lbwps-height=\"271\" data-lbwps-srcsmall=\"https:\/\/bakiacil.com\/wp-content\/uploads\/2022\/07\/Cig.jpg\"><img loading=\"lazy\" decoding=\"async\" width=\"400\" height=\"271\" src=\"https:\/\/bakiacil.com\/wp-content\/uploads\/2022\/07\/Cig.jpg\" alt=\"\" class=\"wp-image-4188\" srcset=\"https:\/\/bakiacil.com\/wp-content\/uploads\/2022\/07\/Cig.jpg?v=1658007743 400w, https:\/\/bakiacil.com\/wp-content\/uploads\/2022\/07\/Cig-300x203.jpg?v=1658007743 300w\" sizes=\"auto, (max-width: 400px) 100vw, 400px\" \/><\/a><figcaption><a>Foto <\/a>20 &#8211; \u00c7\u0131\u011f (Zin, 2002).<\/figcaption><\/figure><\/div>\n\n\n<p>\u00c7\u0131\u011f\u0131n olu\u015fumunda y\u00f6renin topo\u011frafik ve meteorolojik ko\u015fullar\u0131 etkilidir. Kar gev\u015fek bir maddedir. Yama\u00e7ta as\u0131l\u0131 duran&nbsp; kar b\u00fcy\u00fck miktarda elastik gerilim enerjisi i\u00e7erir, \u00e7\u0131\u011f olaylar\u0131nda en b\u00fcy\u00fck etken yerde s\u0131k\u0131\u015fm\u0131\u015f eski kar \u00f6rt\u00fcs\u00fcn\u00fcn \u00fczerine tipi sonucun taze kar\u0131n ya\u011fmas\u0131yla kal\u0131n, yeni bir tabakan\u0131n olu\u015fmas\u0131, kar \u00f6rt\u00fcs\u00fcn\u00fcn i\u00e7erdi\u011fi serbest su miktar\u0131na, arazinin \u00f6zelli\u011fine, kar katman\u0131n\u0131n yo\u011funlu\u011funa, kar \u00f6rt\u00fcs\u00fcn\u00fcn arazide bekleyi\u015f s\u00fcresine, kar tabakan\u0131n niteli\u011fi ve arazinin durumu en fazla \u00e7\u0131\u011f tehlikesini olu\u015fturmaktad\u0131r. E\u011fimli araziler g\u00fcneye bakan dik ve r\u00fczg\u00e2r alt\u0131 yama\u00e7lar \u015fiddetli bir kar tipisinden sonra 36 saatten fazla s\u00fcreyle hava s\u0131cakl\u0131\u011f\u0131n\u0131 0 (s\u0131f\u0131r) derecenin \u00fczerinde olmas\u0131, mevcut&nbsp; eski kar \u00fcst\u00fcne yeniden 25 cm den fazla kar ya\u011fmas\u0131 ayr\u0131ca, tipi s\u0131ras\u0131nda h\u0131z\u0131 saniyede 7 km yi a\u015fan r\u00fczg\u00e2r\u0131n&nbsp; 24 saat s\u00fcreyle devam etmesi, mevcut kar \u00fcst\u00fcne g\u00fcne\u015fin a\u00e7\u0131p kar\u0131n h\u0131zla erimeye ba\u015flamas\u0131 meteorolojik a\u00e7\u0131dan \u00e7\u0131\u011f olu\u015fumu nedenleri aras\u0131nda say\u0131lmaktad\u0131r (Bilim ve Teknik Dergisi, 1997).<\/p>\n\n\n\n<h4 class=\"wp-block-heading\">T\u00fcrkiye\u2019de \u00c7\u0131\u011f Problemi<\/h4>\n\n\n\n<p>T\u00fcrkiye\u2019nin \u00f6zellikle kuzey-kuzeydo\u011fu ve do\u011fu kesimlerinde, \u00e7\u0131\u011f olay\u0131na uygun topografik ve meteorolojik ko\u015fullara sahip da\u011fl\u0131k alanlar mevcuttur. Ortalama y\u00fcksekli\u011fi 1000 m\u2019yi ge\u00e7en ve \u00e7\u0131\u011f olu\u015fumuna uygun alanlar\u0131n y\u00fcz\u00f6l\u00e7\u00fcm\u00fc bu b\u00f6lgeler i\u00e7inde \u00e7ok y\u00fcksek bir y\u00fczdeye sahiptir. Da\u011fl\u0131k alanlar\u0131n, T\u00fcrkiye y\u00fcz\u00f6l\u00e7\u00fcm\u00fcn\u00fcn yakla\u015f\u0131k 1\/3\u2019\u00fcn\u00fc olu\u015fturdu\u011funu d\u00fc\u015f\u00fcnecek olursak, \u00e7\u0131\u011f olay\u0131n\u0131n meydana geldi\u011fi alanlar\u0131n yay\u0131l\u0131m\u0131n\u0131n ne kadar b\u00fcy\u00fck oldu\u011fu anla\u015f\u0131l\u0131r. Bu b\u00f6lgelerde meydana gelen \u00e7\u0131\u011flar, yerle\u015fim yerlerini, yollar\u0131, turistik tesisleri ve di\u011fer b\u00fct\u00fcn devlet yat\u0131r\u0131mlar\u0131n\u0131 tehdit etmektedir. (Foto-21) \u00c7\u0131\u011f olay\u0131n\u0131n yerle\u015fim yerlerine etkisi her afet t\u00fcr\u00fc gibi sosyal ve ekonomik a\u00e7\u0131dan olmaktad\u0131r. \u00dclkemizde \u00e7\u0131\u011f afetinin, sosyal etkileri hakk\u0131nda fikir vermesi a\u00e7\u0131s\u0131ndan; 1958 y\u0131l\u0131ndan beri T\u00fcrkiye\u2019de AFET kay\u0131tlar\u0131na ge\u00e7mi\u015f 448 adet \u00e7\u0131\u011f olay\u0131ndaki can kay\u0131plar\u0131n\u0131n miktar\u0131 verilebilir. Bu kayb\u0131n en \u00e7arp\u0131c\u0131 \u00f6rne\u011fi, 1991-1992 k\u0131\u015f mevsiminde 328 ki\u015finin hayat\u0131n\u0131 kaybetmi\u015f olmas\u0131d\u0131r. \u00c7\u0131\u011f\u0131n sosyal etkisi sadece can kay\u0131plar\u0131 ile s\u0131n\u0131rl\u0131 de\u011fildir. \u00c7\u0131\u011fdan etkilenen alanlardaki maddi kay\u0131plar\u0131 kar\u015f\u0131layamayan insanlar\u0131n b\u00f6lgeden g\u00f6\u00e7 etmesi de bir sosyal sonu\u00e7tur. Ekonomik a\u00e7\u0131dan bak\u0131ld\u0131\u011f\u0131nda ise, b\u00f6lgede \u00e7\u0131\u011flar\u0131n verdi\u011fi hasarlar\u0131n k\u0131sa s\u00fcrede telafi edilememesinin getirdi\u011fi zorluklar nedeni ile olu\u015fan \u00fcretim ve i\u015f g\u00fcc\u00fc kay\u0131plar\u0131 giderek artmakta ve baz\u0131 b\u00f6lgelerin turizm potansiyeli dahi dolayl\u0131 olarak etkilenmektedir (Afet ar\u015fivi, 2008).<\/p>\n\n\n<div class=\"wp-block-image\">\n<figure class=\"aligncenter size-full\"><a href=\"https:\/\/bakiacil.com\/wp-content\/uploads\/2022\/07\/Cig-olusan-bolgede-cig-baslangic.jpg\" data-lbwps-width=\"463\" data-lbwps-height=\"342\" data-lbwps-srcsmall=\"https:\/\/bakiacil.com\/wp-content\/uploads\/2022\/07\/Cig-olusan-bolgede-cig-baslangic.jpg\"><img loading=\"lazy\" decoding=\"async\" width=\"463\" height=\"342\" src=\"https:\/\/bakiacil.com\/wp-content\/uploads\/2022\/07\/Cig-olusan-bolgede-cig-baslangic.jpg\" alt=\"\" class=\"wp-image-4189\" srcset=\"https:\/\/bakiacil.com\/wp-content\/uploads\/2022\/07\/Cig-olusan-bolgede-cig-baslangic.jpg?v=1658007810 463w, https:\/\/bakiacil.com\/wp-content\/uploads\/2022\/07\/Cig-olusan-bolgede-cig-baslangic-300x222.jpg?v=1658007810 300w\" sizes=\"auto, (max-width: 463px) 100vw, 463px\" \/><\/a><figcaption><a>Foto <\/a>21 &#8211; \u00c7\u0131\u011f olu\u015fan b\u00f6lgede \u00e7\u0131\u011f ba\u015flang\u0131\u00e7 b\u00f6lgesi, \u00e7\u0131\u011f ak\u0131nt\u0131 b\u00f6lgesi, \u00e7\u0131\u011f durma b\u00f6lgesi g\u00f6steren \u015fekillendirme (www.meteor. gov.tr, 1998).<\/figcaption><\/figure><\/div>\n\n\n<h4 class=\"wp-block-heading\">\u00c7\u0131\u011flar\u0131n Olu\u015fma Nedenleri<\/h4>\n\n\n\n<p>\u00c7\u0131\u011flar\u0131n olu\u015fma nedenleri genel olarak 7 ba\u015fl\u0131k alt\u0131nda incelenebilir:<\/p>\n\n\n\n<ol class=\"wp-block-list\" type=\"1\"><li>Ya\u011f\u0131\u015f<\/li><li>R\u00fczgar<\/li><li>Yama\u00e7 e\u011fim a\u00e7\u0131s\u0131<\/li><li>Yama\u00e7 y\u00f6nelimi (Bak\u0131)<\/li><li>S\u0131cakl\u0131k<\/li><li>Zay\u0131f kar tabakalar<\/li><li>Yama\u00e7 \u00d6rt\u00fcs\u00fc<\/li><\/ol>\n\n\n\n<p>Bilim adamlar\u0131, k\u0131z\u0131l gezegenin y\u00fczeyinde meydana gelen \u00e7\u0131\u011f\u0131n foto\u011fraflar\u0131n\u0131 yay\u0131nlad\u0131. Bu g\u00f6r\u00fcnt\u00fclerin \u00e7ok \u00f6nemli oldu\u011funu belirten ara\u015ft\u0131rmac\u0131lar, Mars\u2019\u0131n y\u00fczeyinin son 1 milyon y\u0131ld\u0131r de\u011fi\u015fmedi\u011fine dikkat \u00e7ekti (Foto-22).<\/p>\n\n\n<div class=\"wp-block-image\">\n<figure class=\"aligncenter size-full\"><a href=\"https:\/\/bakiacil.com\/wp-content\/uploads\/2022\/07\/Mars-da-cig-dusmesi.jpg\" data-lbwps-width=\"625\" data-lbwps-height=\"383\" data-lbwps-srcsmall=\"https:\/\/bakiacil.com\/wp-content\/uploads\/2022\/07\/Mars-da-cig-dusmesi.jpg\"><img loading=\"lazy\" decoding=\"async\" width=\"625\" height=\"383\" src=\"https:\/\/bakiacil.com\/wp-content\/uploads\/2022\/07\/Mars-da-cig-dusmesi.jpg\" alt=\"\" class=\"wp-image-4190\" srcset=\"https:\/\/bakiacil.com\/wp-content\/uploads\/2022\/07\/Mars-da-cig-dusmesi.jpg?v=1658007888 625w, https:\/\/bakiacil.com\/wp-content\/uploads\/2022\/07\/Mars-da-cig-dusmesi-300x184.jpg?v=1658007888 300w\" sizes=\"auto, (max-width: 625px) 100vw, 625px\" \/><\/a><figcaption><a>Foto <\/a>22 \u2013 Mars da \u00e7\u0131\u011f d\u00fc\u015fmesi, Uzay Foto\u011fraf\u0131 (Haber ajanslar\u0131, 2008).<\/figcaption><\/figure><\/div>\n\n\n<h2 class=\"wp-block-heading\">KURAKLIK<\/h2>\n\n\n\n<p>Kurakl\u0131k &#8220;Ya\u011f\u0131\u015flar\u0131n, kaydedilen normal seviyelerinin \u00f6nemli \u00f6l\u00e7\u00fcde alt\u0131na d\u00fc\u015fmesi sonucu, arazi ve su kaynaklar\u0131n\u0131n olumsuz etkilenmesine ve hidrolojik dengenin bozulmas\u0131na sebep olan do\u011fal olay&#8221; olarak tan\u0131mlanabilir (Foto-23) (BM\u00c7MS , 1997).<\/p>\n\n\n<div class=\"wp-block-image\">\n<figure class=\"aligncenter size-full\"><a href=\"https:\/\/bakiacil.com\/wp-content\/uploads\/2022\/07\/Kuraklik-ve-susuz-kalan-canlilar.jpg\" data-lbwps-width=\"517\" data-lbwps-height=\"340\" data-lbwps-srcsmall=\"https:\/\/bakiacil.com\/wp-content\/uploads\/2022\/07\/Kuraklik-ve-susuz-kalan-canlilar.jpg\"><img loading=\"lazy\" decoding=\"async\" width=\"517\" height=\"340\" src=\"https:\/\/bakiacil.com\/wp-content\/uploads\/2022\/07\/Kuraklik-ve-susuz-kalan-canlilar.jpg\" alt=\"\" class=\"wp-image-4191\" srcset=\"https:\/\/bakiacil.com\/wp-content\/uploads\/2022\/07\/Kuraklik-ve-susuz-kalan-canlilar.jpg?v=1658007949 517w, https:\/\/bakiacil.com\/wp-content\/uploads\/2022\/07\/Kuraklik-ve-susuz-kalan-canlilar-300x197.jpg?v=1658007949 300w\" sizes=\"auto, (max-width: 517px) 100vw, 517px\" \/><\/a><figcaption><a>Foto <\/a>23 &#8211; Kurakl\u0131k ve susuz kalan canl\u0131lar (Stern raporu,2006).<\/figcaption><\/figure><\/div>\n\n\n<p>Kurakl\u0131\u011f\u0131n niteliklerini a\u015fa\u011f\u0131daki gibi s\u0131ralayabiliriz:<\/p>\n\n\n\n<ul class=\"wp-block-list\"><li>Frekans<\/li><li>\u015eiddet<\/li><li>S\u00fcre<\/li><li>Etki Alan\u0131<\/li><\/ul>\n\n\n\n<p>Kurakl\u0131\u011f\u0131n \u00f6nemli \u00f6zellikleri ise \u015fu \u015fekilde s\u0131ralanabilir:<\/p>\n\n\n\n<ul class=\"wp-block-list\"><li>Ba\u015flang\u0131\u00e7 ve biti\u015finin belirsiz olu\u015fu<\/li><li>K\u00fcm\u00fclatif artmas\u0131<\/li><li>Ayn\u0131 anda birden fazla kayna\u011fa etkisi<\/li><li>Ekonomik boyutunun y\u00fcksek olmas\u0131<\/li><\/ul>\n\n\n\n<p>T\u00fcrkiye&#8217;de kurakl\u0131\u011fa etki eden belli ba\u015fl\u0131 fakt\u00f6rler aras\u0131nda atmosferik ko\u015fullar, fiziki co\u011frafya fakt\u00f6rleri ve iklim ko\u015fullar\u0131 yer almaktad\u0131r. Yery\u00fcz\u00fcnde iklim \u00f6zelliklerinin meydana geli\u015finde fiziki co\u011frafya fakt\u00f6rlerinin \u00f6nemli etkileri vard\u0131r. Bunlar denize yak\u0131nl\u0131k-uzakl\u0131k (karasall\u0131k derecesi), y\u00fckselti ve orografik \u00f6zelliklerdir.<\/p>\n\n\n\n<p>T\u00fcrkiye y\u00fcksek bir \u00fclkedir ve ortalama y\u00fckseltisi 1100 m den fazlad\u0131r. \u00d6rnek olarak, \u00fclkemizin deniz seviyesi ile 500 m aras\u0131nda kalan al\u00e7ak alanlar\u0131 ancak % 17,5 kadar iken, 1000 m\u2019 den daha y\u00fcksek alanlar\u0131 \u00fclke y\u00fcz\u00f6l\u00e7\u00fcm\u00fcn\u00fcn % 55\u2019 den fazlas\u0131n\u0131 meydana getirir. Bu durumun T\u00fcrkiye&#8217;nin iklim ko\u015fullar\u0131 \u00fczerinde \u00e7ok \u00f6nemli etkiler yapaca\u011f\u0131 a\u00e7\u0131kt\u0131r.<\/p>\n\n\n\n<h4 class=\"wp-block-heading\">Kurakl\u0131k \u00c7e\u015fitleri<\/h4>\n\n\n\n<p>Kurakl\u0131\u011f\u0131n literat\u00fcrde tan\u0131mlanan bir\u00e7ok \u00e7e\u015fidi olmakla \u00fc\u00e7 belirgin kurakl\u0131k tipi vard\u0131r (Wilhite ve Glantz 1987). Bunlar;<\/p>\n\n\n\n<ul class=\"wp-block-list\"><li>Meteorolojik kurakl\u0131k,<\/li><li>Tar\u0131msal kurakl\u0131k,<\/li><li>Hidrolojik kurakl\u0131k (DM\u0130,1998)<\/li><\/ul>\n\n\n\n<h4 class=\"wp-block-heading\"><a>N\u00fcfus Art\u0131\u015f\u0131 Suya Etkisi<\/a><\/h4>\n\n\n\n<p>Bu g\u00fcn <strong>D\u00fcnya<\/strong> n\u00fcfusunun 1\/3&#8217;\u00fc su s\u0131k\u0131nt\u0131s\u0131 ya\u015f\u0131yor ve 1,1 milyar insan, <strong>temiz su<\/strong> eksikli\u011fi \u00e7ekiyor. Zaten <strong>iklim de\u011fi\u015fikli\u011fi<\/strong> olmasa da, n\u00fcfusun \u00e7o\u011falmas\u0131 ba\u015fl\u0131 ba\u015f\u0131na milyarlarca <strong>insan<\/strong>\u0131n, s\u0131n\u0131rl\u0131 miktarda <strong>su<\/strong> elde etmesine sebep olmaktad\u0131r. <strong>Y\u00fckselen s\u0131cakl\u0131k<\/strong> etkileriyle birlikte n\u00fcfusun \u00e7o\u011falmas\u0131, milyarlarca insan i\u00e7in <strong>suyun<\/strong> <strong>stat\u00fcs\u00fc<\/strong>nde de\u011fi\u015fiklikler yapacakt\u0131r. Bir \u00e7al\u0131\u015fmaya g\u00f6re, 2 \u00b0C&#8217;lik s\u0131cakl\u0131k art\u0131\u015f\u0131, 1-4 milyar insan i\u00e7in <strong>su k\u0131s\u0131tlamas\u0131<\/strong> getirecektir. \u00d6zellikle, <strong>Afrika, Ortado\u011fu, G\u00fcney Avrupa, G\u00fcney ve Orta Amerika&#8217;<\/strong>n\u0131n baz\u0131 b\u00f6lgeleri i\u00e7in <strong>su k\u0131s\u0131tlamas\u0131<\/strong> s\u00f6z konusu olacakt\u0131r. (Foto-24) Ayn\u0131 zamanda<strong>, Do\u011fu ve G\u00fcney Asya&#8217;<\/strong>da 1-5 milyar insan \u00e7ok daha fazla <strong>suya ihtiya\u00e7 duyacakt\u0131r<\/strong> (Stern raporu, 2006).<\/p>\n\n\n<div class=\"wp-block-image\">\n<figure class=\"aligncenter size-full is-resized\"><a href=\"https:\/\/bakiacil.com\/wp-content\/uploads\/2022\/07\/Kuraklik.png\" data-lbwps-width=\"295\" data-lbwps-height=\"288\" data-lbwps-srcsmall=\"https:\/\/bakiacil.com\/wp-content\/uploads\/2022\/07\/Kuraklik.png\"><img loading=\"lazy\" decoding=\"async\" src=\"https:\/\/bakiacil.com\/wp-content\/uploads\/2022\/07\/Kuraklik.png\" alt=\"\" class=\"wp-image-4192\" width=\"456\" height=\"445\"\/><\/a><figcaption><a>Foto <\/a>24 &#8211; Kurakl\u0131k (Stern raporu, 2006).<\/figcaption><\/figure><\/div>\n\n\n<p>Alibeyk\u00f6y baraj\u0131 g\u00f6l\u00fc kurudu. Kurakl\u0131k Mimar Sinan&#8217;\u0131n tarihi \u015faheserini ortaya \u00e7\u0131kard\u0131. B\u00fct\u00fcn ha\u015fmetiyle ihti\u015fam\u0131yla Ma\u011flova Kemer&#8217;ini g\u00f6rd\u00fck. Ama madalyonun bir de \u00f6b\u00fcr y\u00fcz\u00fc var. O da kurakl\u0131k. Neredeyse 1 y\u0131ld\u0131r \u0130stanbul&#8217;a ya\u011fmur ya\u011fm\u0131yor. Bu foto\u011fraflar insan\u0131 kara kara d\u00fc\u015f\u00fcnd\u00fcr\u00fcyor. Anadolu Ajans\u0131 muhabirinin \u00e7ekti\u011fi foto\u011fraflar kurakl\u0131\u011f\u0131n boyutunu g\u00f6zler \u00f6n\u00fcne seriyor. Topraktaki \u00e7atla\u011f\u0131 g\u00f6renler g\u00f6zlerine inanamad\u0131.. \u00c7atlaklar aras\u0131nda gezmek neredeyse imk\u00e2ns\u0131z. Rahatl\u0131kla bir insan\u0131n aya\u011f\u0131 i\u00e7ine girebilecek b\u00fcy\u00fckl\u00fckte.. Bu baraj\u0131n &nbsp;dolmas\u0131 i\u00e7in \u00e7ok ya\u011fmur ya\u011fmas\u0131 gerekecek (internethaber.com, 2007).<\/p>\n\n\n<div class=\"wp-block-image\">\n<figure class=\"aligncenter size-full\"><a href=\"https:\/\/bakiacil.com\/wp-content\/uploads\/2022\/07\/Barajlarin-kurumasi.jpg\" data-lbwps-width=\"300\" data-lbwps-height=\"437\" data-lbwps-srcsmall=\"https:\/\/bakiacil.com\/wp-content\/uploads\/2022\/07\/Barajlarin-kurumasi.jpg\"><img loading=\"lazy\" decoding=\"async\" width=\"300\" height=\"437\" src=\"https:\/\/bakiacil.com\/wp-content\/uploads\/2022\/07\/Barajlarin-kurumasi.jpg\" alt=\"\" class=\"wp-image-4193\" srcset=\"https:\/\/bakiacil.com\/wp-content\/uploads\/2022\/07\/Barajlarin-kurumasi.jpg?v=1658008124 300w, https:\/\/bakiacil.com\/wp-content\/uploads\/2022\/07\/Barajlarin-kurumasi-206x300.jpg?v=1658008124 206w\" sizes=\"auto, (max-width: 300px) 100vw, 300px\" \/><\/a><figcaption><a>Foto <\/a>25 &#8211; Barajlar\u0131n kurumas\u0131 (Erdo\u011fan, 2007).<\/figcaption><\/figure><\/div>\n\n\n<h2 class=\"wp-block-heading\">\u00c7\u00d6LLE\u015eME<\/h2>\n\n\n\n<p>Kurak, yar\u0131 kurak ve az ya\u011f\u0131\u015fl\u0131 alanlarda iklim de\u011fi\u015fiklikleri ve insan faaliyetleri de dahil olmak \u00fczere, \u00e7e\u015fitli fakt\u00f6rlerden kaynaklanan toprak bozulmas\u0131d\u0131r.<\/p>\n\n\n\n<p>Topra\u011f\u0131n a\u015f\u0131r\u0131 kullan\u0131m\u0131, a\u015f\u0131r\u0131 otlatma, sa\u011fl\u0131ks\u0131z sulama y\u00f6ntemleri, ormanlar\u0131n tahribi ve \u00f6zellikle son y\u0131llarda ekolojik dengenin bozulmas\u0131 sonucunda meydana gelen iklim de\u011fi\u015fiklikleri, \u00e7\u00f6lle\u015fmeyi meydana getiren en \u00f6nemli etkenlerdir (Foto-26).<\/p>\n\n\n\n<p>\u00c7\u00f6lle\u015fme ve kurakl\u0131k sorunlar\u0131 k\u00fcresel bir nitelik ta\u015f\u0131makta ve d\u00fcnyan\u0131n b\u00fct\u00fcn b\u00f6lgelerini etkilemektedir. Bu sebeple \u00e7\u00f6lle\u015fmeyle m\u00fccadele etmek ve kurakl\u0131\u011f\u0131n etkilerini hafifletmek i\u00e7in, uluslararas\u0131 ortak bir eyleme ihtiya\u00e7 duyulmaktad\u0131r.<\/p>\n\n\n<div class=\"wp-block-image\">\n<figure class=\"aligncenter size-full is-resized\"><a href=\"https:\/\/bakiacil.com\/wp-content\/uploads\/2022\/07\/Collesme.jpg\" data-lbwps-width=\"163\" data-lbwps-height=\"258\" data-lbwps-srcsmall=\"https:\/\/bakiacil.com\/wp-content\/uploads\/2022\/07\/Collesme.jpg\"><img loading=\"lazy\" decoding=\"async\" src=\"https:\/\/bakiacil.com\/wp-content\/uploads\/2022\/07\/Collesme.jpg\" alt=\"\" class=\"wp-image-4194\" width=\"314\" height=\"497\"\/><\/a><figcaption><a>Foto <\/a>26 &#8211; \u00c7\u00f6lle\u015fme (\u00c7evre ve Orman Bakanl\u0131\u011f\u0131,1999).<\/figcaption><\/figure><\/div>\n\n\n<p>\u00c7\u00f6l ve cennet aras\u0131ndaki \u00e7izginin ne kadar ince oldu\u011funu g\u00f6rmenin en kolay yollar\u0131ndan biri Konya ovas\u0131ndaki Karap\u0131nar il\u00e7esinin g\u00fcneybat\u0131s\u0131nda yer alan \u00e7\u00f6lle\u015fme ile m\u00fccadele alan\u0131na gitmek (Foto-27). TEMA Vakf\u0131 (T\u00fcrkiye Erozyonla M\u00fccadele, A\u011fa\u00e7land\u0131rma ve Do\u011fal Varl\u0131klar\u0131 Koruma Vakf\u0131) (Foto-28). Konya temsilcisi Nam\u0131k Ceyhan\u2019\u0131n anlatt\u0131\u011f\u0131na g\u00f6re, \u201cKarap\u0131nar, \u015fiddetli r\u00fczg\u00e2r erozyonu nedeniyle 1960\u2019l\u0131 y\u0131llarda g\u00f6\u00e7 tehlikesi ile kar\u015f\u0131 kar\u015f\u0131ya kalm\u0131\u015f. Kumlar\u0131n r\u00fczg\u00e2rla ta\u015f\u0131nmas\u0131 sonucu kumul tepeleri y\u00fckselmi\u015f, olu\u015fan toz bulutlar\u0131 nedeniyle mera ve tar\u0131m arazileri verimlili\u011fini kaybetmi\u015f. Kum ve toz f\u0131rt\u0131nalar\u0131 makineleri bozmu\u015f, solunum hastal\u0131klar\u0131 ba\u015f g\u00f6stermi\u015f, \u00e7ocuklar okula gidemez olmu\u015f. R\u00fczg\u00e2rla kalkan toz bulutlar\u0131 Konya-Adana karayolunda trafi\u011fi aksatm\u0131\u015f hatta bazen yolun kapanmas\u0131na neden olmu\u015f. Ve halk b\u00f6lgeyi terk etmeye ba\u015flam\u0131\u015f\u201d&#8230;<\/p>\n\n\n\n<div class=\"wp-block-columns is-layout-flex wp-container-core-columns-is-layout-9d6595d7 wp-block-columns-is-layout-flex\">\n<div class=\"wp-block-column is-layout-flow wp-block-column-is-layout-flow\"><div class=\"wp-block-image\">\n<figure class=\"aligncenter size-full is-resized\"><img loading=\"lazy\" decoding=\"async\" src=\"https:\/\/bakiacil.com\/wp-content\/uploads\/2022\/07\/Tabakalarin-istiflenmesi-ve-kuraklik.jpg\" alt=\"\" class=\"wp-image-4195\" width=\"539\" height=\"248\" srcset=\"https:\/\/bakiacil.com\/wp-content\/uploads\/2022\/07\/Tabakalarin-istiflenmesi-ve-kuraklik.jpg?v=1658008236 460w, https:\/\/bakiacil.com\/wp-content\/uploads\/2022\/07\/Tabakalarin-istiflenmesi-ve-kuraklik-300x138.jpg?v=1658008236 300w\" sizes=\"auto, (max-width: 539px) 100vw, 539px\" \/><figcaption><a>Foto <\/a>27 &#8211; Tabakalar\u0131n istiflenmesi ve kurakl\u0131k, Konya (Ntvmsnbs, 2007).<\/figcaption><\/figure><\/div><\/div>\n\n\n\n<div class=\"wp-block-column is-layout-flow wp-block-column-is-layout-flow\"><div class=\"wp-block-image\">\n<figure class=\"aligncenter size-full is-resized\"><img loading=\"lazy\" decoding=\"async\" src=\"https:\/\/bakiacil.com\/wp-content\/uploads\/2022\/07\/Amazon-ormanlarinin-yuzde.jpg\" alt=\"\" class=\"wp-image-4196\" width=\"338\" height=\"250\" srcset=\"https:\/\/bakiacil.com\/wp-content\/uploads\/2022\/07\/Amazon-ormanlarinin-yuzde.jpg?v=1658008257 330w, https:\/\/bakiacil.com\/wp-content\/uploads\/2022\/07\/Amazon-ormanlarinin-yuzde-300x222.jpg?v=1658008257 300w\" sizes=\"auto, (max-width: 338px) 100vw, 338px\" \/><figcaption><a>Foto <\/a>28 &#8211; Amazon ormanlar\u0131n\u0131n y\u00fczde 60\u2019\u0131n\u0131n gelecek 20 y\u0131l i\u00e7inde \u00e7\u00f6lle\u015fece\u011fi belirtiliyor (Deutshce welle, 2007).<\/figcaption><\/figure><\/div><\/div>\n<\/div>\n\n\n\n<h2 class=\"wp-block-heading\">K\u00dcRESEL ISINMA<\/h2>\n\n\n\n<p>\u0130nsanlar\u0131n \u00e7e\u015fitli aktiviteleri sonucunda meydana gelen &#8220;sera gazlar\u0131&#8221; olarak nitelenen (karbon dioksit, di azot monoksit, metan, su buhar\u0131, kloroflorokarbon) gibi gazlar\u0131n miktarlar\u0131n\u0131n artmas\u0131 sonucunda yery\u00fcz\u00fcne yak\u0131n atmosfer tabakalar\u0131 ve kat\u0131, yery\u00fcz\u00fc s\u0131cakl\u0131\u011f\u0131n\u0131n yapay olarak artmas\u0131&nbsp; &#8220;K\u00fcresel Is\u0131nma&#8221; olarak adland\u0131r\u0131l\u0131r (Foto-29).<\/p>\n\n\n<div class=\"wp-block-image\">\n<figure class=\"aligncenter size-full\"><a href=\"https:\/\/bakiacil.com\/wp-content\/uploads\/2022\/07\/Fabrikalardan-cikan-zehirli-gazlar-kuresel.jpg\" data-lbwps-width=\"490\" data-lbwps-height=\"325\" data-lbwps-srcsmall=\"https:\/\/bakiacil.com\/wp-content\/uploads\/2022\/07\/Fabrikalardan-cikan-zehirli-gazlar-kuresel.jpg\"><img loading=\"lazy\" decoding=\"async\" width=\"490\" height=\"325\" src=\"https:\/\/bakiacil.com\/wp-content\/uploads\/2022\/07\/Fabrikalardan-cikan-zehirli-gazlar-kuresel.jpg\" alt=\"\" class=\"wp-image-4197\" srcset=\"https:\/\/bakiacil.com\/wp-content\/uploads\/2022\/07\/Fabrikalardan-cikan-zehirli-gazlar-kuresel.jpg?v=1658008307 490w, https:\/\/bakiacil.com\/wp-content\/uploads\/2022\/07\/Fabrikalardan-cikan-zehirli-gazlar-kuresel-300x199.jpg?v=1658008307 300w\" sizes=\"auto, (max-width: 490px) 100vw, 490px\" \/><\/a><figcaption><a>Foto <\/a>29 &#8211; Fabrikalardan \u00e7\u0131kan zehirli gazlar k\u00fcresel \u0131s\u0131nmaya etken (\u015eenol, 2007).<\/figcaption><\/figure><\/div>\n\n\n<p>K\u00fcresel \u0131s\u0131nma, yerk\u00fcre y\u00fczeyinin ortalama s\u0131cakl\u0131\u011f\u0131nda y\u00fckseli\u015f g\u00f6stermekte. 1800\u2019lerin sonlar\u0131ndan beri k\u00fcresel ortalama s\u0131cakl\u0131k 0.4 il\u00e2 0.8 derece C civar\u0131nda artt\u0131. Bir\u00e7ok uzman\u2019\u0131n yapt\u0131\u011f\u0131 hesaplara g\u00f6re 2100 y\u0131l\u0131na kadar ortalama s\u0131cakl\u0131k 1.4 il\u00e2 5.8 <sup>o<\/sup>C daha artacak. Bu art\u0131\u015f oran\u0131 ge\u00e7mi\u015f art\u0131\u015f oranlar\u0131ndan \u00e7ok daha fazla olabilir.<\/p>\n\n\n\n<p>Bilim adamlar\u0131 insan toplulu\u011fu ile do\u011fal ekosistemin \u00e7abuk bir iklim de\u011fi\u015fimine uyum sa\u011flayamayaca\u011f\u0131ndan endi\u015fe ediyorlar. Bir ekosistem \u00f6zel bir b\u00f6lgede, ya\u015fayan organizmalardan ve fiziksel \u00e7evreden olu\u015fur. K\u00fcresel \u0131s\u0131nma \u00e7ok miktarda zarara sebep olabilir, bu y\u00fczden t\u00fcm d\u00fcnya \u00fclkeleri s\u0131n\u0131rlamaya yard\u0131m etmek i\u00e7in Kyoto Protokol\u00fc adl\u0131 antla\u015fma tasla\u011f\u0131 haz\u0131rlad\u0131lar.<\/p>\n\n\n\n<h4 class=\"wp-block-heading\"><strong>K\u00fcresel Is\u0131nman\u0131n Sebepleri<\/strong><\/h4>\n\n\n\n<p>Klimatolojistler (\u0130klim Bilimi konusunda \u00e7al\u0131\u015fan bilim adamlar\u0131) 1800\u2019lerin sonlar\u0131ndan beri meydana gelen k\u00fcresel \u0131s\u0131nmay\u0131 analiz ettiler. Klimatolojistlerin \u00e7o\u011funlu\u011fu insano\u011flu faaliyetlerinin \u0131s\u0131nman\u0131n \u00e7ok b\u00fcy\u00fck bir miktar\u0131ndan sorumlu oldu\u011funa karar verdilar. \u0130nsano\u011flu faaliyetleri Yerk\u00fcre\u2019nin do\u011fal sera etkisini artt\u0131rarak k\u00fcresel \u0131s\u0131nmaya katk\u0131da bulunuyor. Sera etkisi, g\u00fcne\u015f \u0131\u015f\u0131\u011f\u0131n\u0131, gazlar\u0131 , atmosferdeki par\u00e7ac\u0131klar\u0131 kapsayan karma\u015f\u0131k bir i\u015flemle Yerk\u00fcre\u2019nin y\u00fczeyini \u0131s\u0131t\u0131yor. Sera gazlar\u0131, \u0131s\u0131y\u0131 d\u00fcnyan\u0131n atmosferine hapseden gazlara verilen isimdir. (En zararl\u0131 sera gaz\u0131, karbondioksittir. Kyoto Anla\u015fmas\u0131, karbondioksidin yan\u0131s\u0131ra metan ve nitrus oksid gazlar\u0131n\u0131n sal\u0131n\u0131m\u0131n\u0131 da d\u00fc\u015f\u00fcrmeyi \u00f6ng\u00f6r\u00fcyor (Foto-30).<\/p>\n\n\n<div class=\"wp-block-image\">\n<figure class=\"aligncenter size-full\"><a href=\"https:\/\/bakiacil.com\/wp-content\/uploads\/2022\/07\/Kutuplardaki-buzullarin-toplu-eriyisleri.jpg\" data-lbwps-width=\"274\" data-lbwps-height=\"408\" data-lbwps-srcsmall=\"https:\/\/bakiacil.com\/wp-content\/uploads\/2022\/07\/Kutuplardaki-buzullarin-toplu-eriyisleri.jpg\"><img loading=\"lazy\" decoding=\"async\" width=\"274\" height=\"408\" src=\"https:\/\/bakiacil.com\/wp-content\/uploads\/2022\/07\/Kutuplardaki-buzullarin-toplu-eriyisleri.jpg\" alt=\"\" class=\"wp-image-4198\" srcset=\"https:\/\/bakiacil.com\/wp-content\/uploads\/2022\/07\/Kutuplardaki-buzullarin-toplu-eriyisleri.jpg?v=1658008373 274w, https:\/\/bakiacil.com\/wp-content\/uploads\/2022\/07\/Kutuplardaki-buzullarin-toplu-eriyisleri-201x300.jpg?v=1658008373 201w\" sizes=\"auto, (max-width: 274px) 100vw, 274px\" \/><\/a><figcaption><a>Foto <\/a>30 &#8211; Kutuplardaki buzullar\u0131n toplu eriyi\u015fleri (Y\u0131lmaz, 2007)<\/figcaption><\/figure><\/div>\n\n\n<h2 class=\"wp-block-heading\">TSUNAM\u0130<\/h2>\n\n\n\n<p>Tarih boyunca sismik deniz dalgalar\u0131 &#8220;gel-git dalgalar\u0131&#8221; \u015feklinde yanl\u0131\u015f adland\u0131r\u0131lm\u0131\u015ft\u0131r. Do\u011fal olarak, bu olaylar gel-gitle ilgili de\u011fildir. G\u00fcn\u00fcm\u00fczde sismik deniz dalgalar\u0131 yayg\u0131n olarak tsunami \u015feklinde adland\u0131r\u0131lmaktad\u0131r (Japonca&nbsp; &#8220;liman dalgalar\u0131&#8221; anlam\u0131na gelir). Tsunami, uzun mesafeler katedebilen ve \u00e7ok a\u015f\u0131r\u0131 dalga boyuna sahip okyanus dalgalar\u0131 olarak tan\u0131mlan\u0131r. Bununla birlikte, tusnamiler b\u00fcy\u00fck g\u00f6llerde de olu\u015fabilirler. Derin okyanuslarda tsunamilerin h\u0131zlar\u0131 saatte 800 km&#8217;ye kadar ula\u015fabilir.(Foto-31) Tsunami dalga boylar\u0131 k\u0131y\u0131ya yak\u0131n kesimlerde ortalama 9 m&#8217;dir, ancak boyu 30 m olan dalgalar da g\u00f6zlenmi\u015ftir (Shield, 2004).<\/p>\n\n\n<div class=\"wp-block-image\">\n<figure class=\"aligncenter size-full\"><a href=\"https:\/\/bakiacil.com\/wp-content\/uploads\/2022\/07\/Sehrin-dalgalara-teslimi.jpg\" data-lbwps-width=\"450\" data-lbwps-height=\"312\" data-lbwps-srcsmall=\"https:\/\/bakiacil.com\/wp-content\/uploads\/2022\/07\/Sehrin-dalgalara-teslimi.jpg\"><img loading=\"lazy\" decoding=\"async\" width=\"450\" height=\"312\" src=\"https:\/\/bakiacil.com\/wp-content\/uploads\/2022\/07\/Sehrin-dalgalara-teslimi.jpg\" alt=\"\" class=\"wp-image-4199\" srcset=\"https:\/\/bakiacil.com\/wp-content\/uploads\/2022\/07\/Sehrin-dalgalara-teslimi.jpg?v=1658008432 450w, https:\/\/bakiacil.com\/wp-content\/uploads\/2022\/07\/Sehrin-dalgalara-teslimi-300x208.jpg?v=1658008432 300w\" sizes=\"auto, (max-width: 450px) 100vw, 450px\" \/><\/a><figcaption><a>Foto <\/a>31 &#8211; \u015eehrin dalgalara teslimi (Yumi, 2007).<\/figcaption><\/figure><\/div>\n\n\n<h4 class=\"wp-block-heading\">Tsunamiler Neden Olu\u015fur?<\/h4>\n\n\n\n<p>Tsunamiler, b\u00fcy\u00fckl\u00fc\u011f\u00fc 6.5&#8217;tan fazla ve odak derinli\u011fi 50 km&#8217;den s\u0131\u011f olan depremlere ba\u011fl\u0131 olarak, tektonik olarak meydana gelen deniz dalgalar\u0131d\u0131r. Bununla birlikte, deniz suyu kolonunun yer de\u011fi\u015ftirme derecesine ba\u011fl\u0131 olarak,&nbsp; t\u00fcm denizalt\u0131 depremleri Tsunami \u00fcretmezler.<\/p>\n\n\n\n<p>Tsunami yaratan ba\u015fl\u0131ca kuvvetler a\u015fa\u011f\u0131daki gibidir:<\/p>\n\n\n\n<p>Deniz taban\u0131ndaki fay bloklar\u0131n\u0131n ani hareketiyle meydana gelen denizalt\u0131 depremlerinin neden oldu\u011fu deniz suyunun d\u00fc\u015fey y\u00f6nde yer de\u011fi\u015ftirmesi,<\/p>\n\n\n\n<p>Deprem hareketlerinin bir sonucu olarak su kolonunun yatay y\u00f6nde yer de\u011fi\u015ftirmesi. Denizde meydana gelen volkanik patlamalar (e\u011fer Tsunami \u00fcretecek ise, bu patlamalar\u0131n suyun \u00f6nemli derecede yer de\u011fi\u015ftirmesini sa\u011flamas\u0131 gerekir),<br>Deniz taban\u0131nda h\u0131zl\u0131 k\u00fctle hareketleri (heyelanlar) (ancak bu hareketler, b\u00fcy\u00fck \u00e7apl\u0131 Tsunamilerin olu\u015fmas\u0131nda \u00e7ok ender olarak etkili olurlar)&nbsp; (Shield, 2004) (Foto-32).<\/p>\n\n\n<div class=\"wp-block-image\">\n<figure class=\"aligncenter size-full\"><a href=\"https:\/\/bakiacil.com\/wp-content\/uploads\/2022\/07\/Tsunami-ani.jpg\" data-lbwps-width=\"450\" data-lbwps-height=\"297\" data-lbwps-srcsmall=\"https:\/\/bakiacil.com\/wp-content\/uploads\/2022\/07\/Tsunami-ani.jpg\"><img loading=\"lazy\" decoding=\"async\" width=\"450\" height=\"297\" src=\"https:\/\/bakiacil.com\/wp-content\/uploads\/2022\/07\/Tsunami-ani.jpg\" alt=\"\" class=\"wp-image-4200\" srcset=\"https:\/\/bakiacil.com\/wp-content\/uploads\/2022\/07\/Tsunami-ani.jpg?v=1658008488 450w, https:\/\/bakiacil.com\/wp-content\/uploads\/2022\/07\/Tsunami-ani-300x198.jpg?v=1658008488 300w\" sizes=\"auto, (max-width: 450px) 100vw, 450px\" \/><\/a><figcaption><a>Foto <\/a>32 &#8211; Tsunami an\u0131 (www.internethaber.com, 2007).<\/figcaption><\/figure><\/div>\n\n\n<h4 class=\"wp-block-heading\">Tsunamiler Nerede Meydana Gelir?<\/h4>\n\n\n\n<p>Tsunamilerle ilgili hasarlar\u0131n %90&#8217;\u0131 Pasifik B\u00f6lgesi&#8217;nde ve ortalama her iki y\u0131ldan fazla bir s\u00fcrede meydana gelmektedir. Son 190 y\u0131lda Havai Adalar\u0131nda&nbsp; bu t\u00fcr 150 olay meydana gelmi\u015f ve tahribat olduk\u00e7a yayg\u0131n olmu\u015ftur. ABD&#8217;de 500,000 ki\u015fi 15 m y\u00fcksekli\u011findeki tsunami dalgalar\u0131n\u0131n riski alt\u0131nda ya\u015famakta olup, tsunamiyle ilgili hasarlara kar\u015f\u0131 her y\u0131l 26 milyon dolardan fazla bir harcama yap\u0131lmaktad\u0131r. Ayr\u0131ca 30 m y\u00fcksekli\u011fe ula\u015fan&nbsp; tsunami dalgalar\u0131n\u0131n riski alt\u0131nda bulunan insan say\u0131s\u0131 da 1.2 milyondur (White ve Haas, 1975). Havai Adalar\u0131n\u0131n bat\u0131 k\u0131y\u0131s\u0131 en y\u00fcksek tsunami riski alt\u0131ndad\u0131r. Atlantik ve Akdeniz b\u00f6lgeleri tsunami a\u00e7\u0131s\u0131ndan sorunlu olmamakla birlikte, tsunamiler burada \u00e7ok daha az yayg\u0131nd\u0131r ve bu nedenle kay\u0131tlar yetersiz olup, tsunamilerin d\u00f6n\u00fc\u015f\u00fcm periyotlar\u0131 genellikle bilinmemektedir. Bununla birlikte, M.\u00d6.1500&#8217;de Santorini (Yunanistan) yanarda\u011f\u0131n\u0131n patlamas\u0131yla t\u00fcm Do\u011fu Akdeniz&#8217;de yay\u0131lan&nbsp; tsunamiler meydana gelmi\u015ftir. Ayr\u0131ca 1775&#8217;te Lizbon (Portekiz) yak\u0131nlar\u0131nda meydana gelen depreme ba\u011fl\u0131 olarak geli\u015fen tsunamilerin bu kentte ya\u015fayan 25,000 ki\u015finin ya\u015fam\u0131n\u0131 yitirmesine neden oldu\u011fu tahmin edilmektedir (Shield, 2004) (Foto-33).<\/p>\n\n\n<div class=\"wp-block-image\">\n<figure class=\"aligncenter size-full\"><a href=\"https:\/\/bakiacil.com\/wp-content\/uploads\/2022\/07\/Dev-dalgalar.jpg\" data-lbwps-width=\"450\" data-lbwps-height=\"667\" data-lbwps-srcsmall=\"https:\/\/bakiacil.com\/wp-content\/uploads\/2022\/07\/Dev-dalgalar.jpg\"><img loading=\"lazy\" decoding=\"async\" width=\"450\" height=\"667\" src=\"https:\/\/bakiacil.com\/wp-content\/uploads\/2022\/07\/Dev-dalgalar.jpg\" alt=\"\" class=\"wp-image-4201\" srcset=\"https:\/\/bakiacil.com\/wp-content\/uploads\/2022\/07\/Dev-dalgalar.jpg?v=1658008606 450w, https:\/\/bakiacil.com\/wp-content\/uploads\/2022\/07\/Dev-dalgalar-202x300.jpg?v=1658008606 202w\" sizes=\"auto, (max-width: 450px) 100vw, 450px\" \/><\/a><figcaption><a>Foto <\/a>33 &#8211; Dev dalgalar (Yumi, 2005).<\/figcaption><\/figure><\/div>\n\n\n<h4 class=\"wp-block-heading\">Tsunamilerin Etkileri Nelerdir?<\/h4>\n\n\n\n<p>Tsunamiler genellikle k\u0131y\u0131lara yakla\u015ft\u0131klar\u0131nda tehlikeli olurlar. Tsunamiler olu\u015ftuklar\u0131nda okyanus dalgalar\u0131n\u0131 kilometreler boyunca k\u0131y\u0131lara do\u011fru ta\u015f\u0131rlar ve geri \u00e7ekilene de\u011fin insanlar\u0131 denize s\u00fcr\u00fckleyebilirler. Tsunamiler; deprem, volkanik patlama veya heyelan gibi olaylar\u0131n etkisi sonucunda&nbsp; b\u00fcy\u00fck miktarda okyanus suyunun yerde\u011fi\u015ftirmesiyle meydana gelirler (Shield, 2004).<\/p>\n\n\n\n<h4 class=\"wp-block-heading\">Tsunamiler Nas\u0131l Tahmin Edilir ve Hangi T\u00fcr Cihazlar Kullan\u0131l\u0131r?<\/h4>\n\n\n\n<p>Tsunamilerin tahmini i\u00e7in iki y\u00f6ntem kullan\u0131l\u0131r. \u0130lk y\u00f6ntem; bilgisayardan yararlan\u0131larak farkl\u0131 depremler i\u00e7in tsunami dalgalar\u0131n\u0131n y\u00fcksekli\u011finin ne olabilece\u011finin tahmin edilmesidir. Bu bilgiler harita \u00fczerine i\u015flendi\u011finde, tsunami oldu\u011funda k\u0131y\u0131daki insanlar\u0131n oradan&nbsp; uzakla\u015fabilmeleri i\u00e7in en uygun yollar\u0131n hangileri olabilece\u011fi hakk\u0131nda fikir elde edilir (Foto-34).<\/p>\n\n\n\n<p>\u0130kinci tahmin y\u00f6ntemi, tsunami tehlikesi yaratan bir depremden hemen sonra o b\u00f6lgedeki&nbsp; tsunami uyar\u0131 merkezlerinden&nbsp; yararlan\u0131lmas\u0131d\u0131r. Bu istasyonlarda depremin b\u00fcy\u00fckl\u00fc\u011f\u00fc ve yeri, ayr\u0131ca&nbsp; dalga \u00f6l\u00e7erler kullan\u0131larak tsunami dalgalar\u0131n\u0131n b\u00fcy\u00fckl\u00fc\u011f\u00fc belirlenmektedir. \u00d6nceki depremlerden kazan\u0131lan deneyimler, istasyonlarda \u00e7al\u0131\u015fan uzmanlara k\u0131y\u0131lar boyunca hangi b\u00f6lgelerin en y\u00fcksek tsunami riskine sahip olabilecekleri hakk\u0131nda fikir verir.&nbsp; Bilgisayar kullan\u0131larak tsunamilerin bu b\u00f6lgelere ne kadar bir s\u00fcrede ula\u015fabilecekleri de tahmin edilmektedir&nbsp;&nbsp;&nbsp;&nbsp;&nbsp;&nbsp;&nbsp;&nbsp; (Shield, 2004).<\/p>\n\n\n<div class=\"wp-block-image\">\n<figure class=\"aligncenter size-full\"><a href=\"https:\/\/bakiacil.com\/wp-content\/uploads\/2022\/07\/Sakin-deniz-2-Tsunami-oncesi-3Tsunami-olusum-an.jpg\" data-lbwps-width=\"470\" data-lbwps-height=\"580\" data-lbwps-srcsmall=\"https:\/\/bakiacil.com\/wp-content\/uploads\/2022\/07\/Sakin-deniz-2-Tsunami-oncesi-3Tsunami-olusum-an.jpg\"><img loading=\"lazy\" decoding=\"async\" width=\"470\" height=\"580\" src=\"https:\/\/bakiacil.com\/wp-content\/uploads\/2022\/07\/Sakin-deniz-2-Tsunami-oncesi-3Tsunami-olusum-an.jpg\" alt=\"\" class=\"wp-image-4202\" srcset=\"https:\/\/bakiacil.com\/wp-content\/uploads\/2022\/07\/Sakin-deniz-2-Tsunami-oncesi-3Tsunami-olusum-an.jpg?v=1658008744 470w, https:\/\/bakiacil.com\/wp-content\/uploads\/2022\/07\/Sakin-deniz-2-Tsunami-oncesi-3Tsunami-olusum-an-243x300.jpg?v=1658008744 243w\" sizes=\"auto, (max-width: 470px) 100vw, 470px\" \/><\/a><figcaption><a>Foto <\/a>34 &#8211; 1; Sakin deniz, 2; Tsunami \u00f6ncesi, 3;Tsunami olu\u015fum an\u0131&nbsp;&nbsp;&nbsp;&nbsp;&nbsp;&nbsp;&nbsp;&nbsp;&nbsp;&nbsp;&nbsp;&nbsp;&nbsp;&nbsp;&nbsp;&nbsp;&nbsp; &nbsp;(National wether service, 2007).<\/figcaption><\/figure><\/div>\n\n\n<h1 class=\"wp-block-heading\">VOLKAN\u0130K R\u0130SK<\/h1>\n\n\n\n<p>Volkanik aktiviteler \u00fclkemizin jeolojik ger\u00e7ekli\u011finin bir sonucu olup yerle\u015fim planlamas\u0131nda risk fakt\u00f6r\u00fc olarak g\u00f6z \u00f6n\u00fcnde bulundurulmas\u0131 gereklidir&#8230; Ancak bilimsel ger\u00e7eklik toplumsal panik nedeni haline getirilmemelidir. As\u0131l tehlike volkan\u0131n ve aktivitesinin yeterince iyi bilinmemesidir.<\/p>\n\n\n\n<p>Arazi Kullan\u0131m Planlamas\u0131 \u00e7al\u0131\u015fmalar\u0131n\u0131n amac\u0131, do\u011fal \u00e7evrenin g\u00fcvenli, sa\u011fl\u0131kl\u0131, \u00e7evreye ve k\u00fclt\u00fcrel de\u011ferlere duyarl\u0131 ve kamusal yarar \u00e7er\u00e7evesinde en iyi \u015fekilde kullan\u0131lmas\u0131d\u0131r. Bu amaca ula\u015fabilmek i\u00e7in yerle\u015fimler \u00fczerindeki do\u011fal ve insan yap\u0131s\u0131 tehlike ve riski ortaya koymak, risk olu\u015fturacak kentsel geli\u015fimi ve yap\u0131la\u015fmay\u0131 engellemek, mevcut risklerin azalt\u0131lmas\u0131 gereklidir. \u00d6ncelikle tehlikeler belirlenir, ikinci a\u015famada ise riskler ara\u015ft\u0131r\u0131larak imar planlar\u0131n\u0131n zarar azaltma \u00f6nlemleriyle uyumlu olarak yeniden d\u00fczenlenmesi ger\u00e7ekle\u015ftirilir.<\/p>\n\n\n\n<p>G\u00fcn\u00fcm\u00fczden 1,8 milyon y\u0131l \u00f6nce ba\u015flayarak bug\u00fcne kadar s\u00fcregelen 4. Jeolojik zamanda (Kuvaterner), volkanik etkinlikler zaman zaman yo\u011funla\u015fm\u0131\u015f, Hasanda\u011f\u0131, Erciyes, A\u011fr\u0131 Da\u011f\u0131, Nemrut, S\u00fcphan ve Tend\u00fcrek da\u011flar\u0131 gibi b\u00fcy\u00fck volkan konileri meydana gelmi\u015ftir. G\u00fcn\u00fcm\u00fcze kadar de\u011fi\u015fik boyutlarda ula\u015fan baz\u0131 volkanik aktiviteler, ayn\u0131 zamanda afet y\u00f6netimi a\u00e7\u0131s\u0131ndan risk fakt\u00f6r\u00fc olarak kabul edilmektedir.<\/p>\n\n\n\n<p>G\u00fcn\u00fcm\u00fczde, Anadolu&#8217;da volkanizma s\u00f6nmek \u00fczeredir. Ancak, baz\u0131 yanarda\u011flarda (Erciyes, Hasanda\u011f\u0131, B\u00fcy\u00fck ve K\u00fc\u00e7\u00fck A\u011fr\u0131 da\u011flar\u0131, Tend\u00fcrek, Nemrut, S\u00fcphan da\u011flar\u0131 vb.) halen gaz ve buhar \u00e7\u0131k\u0131\u015flar\u0131 g\u00f6zlenmekte, Kuvaterner ya\u015fl\u0131 bu gen\u00e7 yanarda\u011flar g\u00fcn\u00fcm\u00fczde lav \u00e7\u0131karmamalar\u0131na kar\u015f\u0131n, \u00e7evrelerinde yer alan s\u0131cak ve mineralize su kaynaklar\u0131 ile volkanik k\u00f6kenli gaz ve su buhar\u0131 \u00e7\u0131k\u0131\u015flar\u0131 saptan\u0131yor. Bu nedenleriyle birer aktif yanarda\u011f olarak tan\u0131mlanabilirler (TMMOB JEOLOJ\u0130 M\u00dcHEND\u0130SLER\u0130 ODASI, 2006).<\/p>\n\n\n\n<h4 class=\"wp-block-heading\">VOLKAN NED\u0130R?<\/h4>\n\n\n\n<p>Volkanlar; magman\u0131n, gazlar\u0131n ve di\u011fer malzemelerin f\u0131\u015fk\u0131rd\u0131\u011f\u0131 y\u00fczeydeki bacalard\u0131r. Bunlar \u00f6zellikle tektonik plaka s\u0131n\u0131rlar\u0131nda bulunmakla birlikte, s\u0131cak manto y\u00fckselimlerinin yer kabu\u011funda k\u0131r\u0131ld\u0131\u011f\u0131 s\u0131cak f\u0131\u015fk\u0131rma noktalar\u0131nda da g\u00f6zlenirler. Baz\u0131 volkanlar \u015fiddetli bir \u015fekilde p\u00fcsk\u00fcr\u00fcrken, bir b\u00f6l\u00fcm\u00fc ise daha yava\u015f bir \u015fekilde patlarlar. \u015eiddetli \u015fekilde patlayan voklanlar; zehirli gazlar, piroklastik ak\u0131nt\u0131lar (s\u0131cak kaya ve k\u00fcl par\u00e7alar\u0131n\u0131 i\u00e7eren ak\u0131nt\u0131lar), nuee ardantes-k\u0131zg\u0131n bulut (h\u0131zla hareket eden, a\u015f\u0131r\u0131 derecede s\u0131cak gaz bulutlar\u0131 ve ince taneli k\u00fcller) ve \u00e7ok b\u00fcy\u00fck hacimde k\u00fcller gibi&nbsp;&nbsp; ya\u015fam\u0131 ve \u00e7evreyi tehdit edici \u00fcr\u00fcnler \u00fcretirler. Volkanlar\u0131n moloz akmalar\u0131, depremler, ta\u015fk\u0131nlar, heyelanlar ve yang\u0131nlar gibi di\u011fer do\u011fal tehlikeleri tetiklemesi de ola\u011fan ve yayg\u0131nd\u0131r.<\/p>\n\n\n\n<h4 class=\"wp-block-heading\">VOLKAN\u0130K PATLAMALAR NE ZAMAN OLUR?<\/h4>\n\n\n\n<p>&nbsp;Kendisini \u00e7evreleyen kat\u0131 durumdaki&nbsp; kayalardan daha hafif olan ve magma ad\u0131 verilen kayalar, gaz bas\u0131nc\u0131n\u0131n da etkisiyle, y\u00fczeye do\u011fru y\u00fckselirken yerkabu\u011fundaki zay\u0131f zonlar\u0131 k\u0131rabilirler. Bu durumda bir volkan patlamas\u0131 meydana gelebilir ve magma ince ve h\u0131zl\u0131 \u015fekilde akan t\u00fcrde ise, getirdi\u011fi gazlar kolayca ka\u00e7arak magma volkandan akar.&nbsp; E\u011fer magma kal\u0131n ve vizkozitesi y\u00fcksekse, gazlar kolayca ka\u00e7amaz. Bu t\u00fcr bir patlamada magma havada patlayarak tefra ad\u0131 verilen par\u00e7ac\u0131klara ayr\u0131l\u0131r. Tefra, ince taneli k\u00fclllerden ev boyutundaki bloklara kadar de\u011fi\u015fen par\u00e7alardan olu\u015fabilir.<\/p>\n\n\n\n<p>Pek \u00e7ok volkan, patlamadan \u00f6nce de\u011fi\u015fik \u015fekilerde belirtiler g\u00f6sterir. Herhangi bir volkan uyar\u0131 vermekesizin patlamas\u0131na ra\u011fmen, baz\u0131 olaylar bir sonraki patlamayla ilgili baz\u0131 g\u00f6stergeler sunabilir.<\/p>\n\n\n\n<h4 class=\"wp-block-heading\">VOLKAN\u0130K PATLAMALARIN ETK\u0130LER\u0130 NELERD\u0130R?<\/h4>\n\n\n\n<p><strong>Lav Ak\u0131nt\u0131lar\u0131: <\/strong>Volkanizman\u0131n en tipik g\u00f6stergeleridir. Bazalt bile\u015fimindeki lavlar 1m\/g\u00fcn&#8217;den 3 m\/saniye&#8217;ye kadar de\u011fi\u015fen h\u0131zlarla akabilirler, ancak bunlar\u0131n insan ya\u015fam\u0131n\u0131 tehdit etme derecesi d\u00fc\u015f\u00fckt\u00fcr. Lav ak\u0131nt\u0131lar\u0131 kayna\u011fa yak\u0131n kesimlerde en y\u00fcksek h\u0131za sahiptir ve kaynaktan olan uzakl\u0131k artt\u0131k\u00e7a, zeminle ve atmosferle olan temaslar\u0131 nedeniyle h\u0131zlar\u0131 azal\u0131r (Foto-35). So\u011fuma ak\u0131nt\u0131n\u0131n kat\u0131la\u015fmas\u0131na neden olabilir ve ak\u0131nt\u0131 kat\u0131la\u015fan malzemenin olu\u015fturdu\u011fu kanal\u0131n i\u00e7inde akmaya devam edebilir (Foto-36).<\/p>\n\n\n\n<div class=\"wp-block-columns is-layout-flex wp-container-core-columns-is-layout-9d6595d7 wp-block-columns-is-layout-flex\">\n<div class=\"wp-block-column is-layout-flow wp-block-column-is-layout-flow\"><div class=\"wp-block-image\">\n<figure class=\"aligncenter size-full is-resized\"><a href=\"https:\/\/bakiacil.com\/wp-content\/uploads\/2022\/07\/Lav-akintisi.jpg\" data-lbwps-width=\"500\" data-lbwps-height=\"333\" data-lbwps-srcsmall=\"https:\/\/bakiacil.com\/wp-content\/uploads\/2022\/07\/Lav-akintisi.jpg\"><img loading=\"lazy\" decoding=\"async\" src=\"https:\/\/bakiacil.com\/wp-content\/uploads\/2022\/07\/Lav-akintisi.jpg\" alt=\"\" class=\"wp-image-4204\" width=\"550\" height=\"366\" srcset=\"https:\/\/bakiacil.com\/wp-content\/uploads\/2022\/07\/Lav-akintisi.jpg?v=1658009215 500w, https:\/\/bakiacil.com\/wp-content\/uploads\/2022\/07\/Lav-akintisi-300x200.jpg?v=1658009215 300w\" sizes=\"auto, (max-width: 550px) 100vw, 550px\" \/><\/a><figcaption><a>Foto <\/a>35 &#8211; Lav ak\u0131nt\u0131s\u0131(Edward, 2004).<\/figcaption><\/figure><\/div><\/div>\n\n\n\n<div class=\"wp-block-column is-layout-flow wp-block-column-is-layout-flow\"><div class=\"wp-block-image\">\n<figure class=\"aligncenter size-full is-resized\"><a href=\"https:\/\/bakiacil.com\/wp-content\/uploads\/2022\/07\/patlatma.jpg\" data-lbwps-width=\"763\" data-lbwps-height=\"806\" data-lbwps-srcsmall=\"https:\/\/bakiacil.com\/wp-content\/uploads\/2022\/07\/patlatma.jpg\"><img loading=\"lazy\" decoding=\"async\" src=\"https:\/\/bakiacil.com\/wp-content\/uploads\/2022\/07\/patlatma.jpg\" alt=\"\" class=\"wp-image-4205\" width=\"423\" height=\"446\" srcset=\"https:\/\/bakiacil.com\/wp-content\/uploads\/2022\/07\/patlatma.jpg?v=1658009221 763w, https:\/\/bakiacil.com\/wp-content\/uploads\/2022\/07\/patlatma-284x300.jpg?v=1658009221 284w\" sizes=\"auto, (max-width: 423px) 100vw, 423px\" \/><\/a><figcaption><a>Foto <\/a>36 &#8211; Patlama (komor adalar\u0131) (Edward, 2005).<\/figcaption><\/figure><\/div><\/div>\n<\/div>\n\n\n\n<p><strong>Domla\u015fma (kubbele\u015fme): <\/strong>Volkanlarda ciddi bir sorun olabilir. Volkan bacas\u0131nda kat\u0131la\u015fan malzeme yukar\u0131 do\u011fru itilmeye maruz kal\u0131r ve volkan\u0131n kanatlar\u0131nda s\u0131cak veya so\u011fuk kaya \u00e7\u0131\u011f\u0131 \u015feklinde \u00e7\u00f6ker veya ciddi zemin deformasyonlar\u0131na ve stabilite (duyrays\u0131zl\u0131k) sorunlar\u0131na yol a\u00e7abilir (Foto-37).<\/p>\n\n\n<div class=\"wp-block-image\">\n<figure class=\"aligncenter size-full\"><a href=\"https:\/\/bakiacil.com\/wp-content\/uploads\/2022\/07\/Domlasma.jpg\" data-lbwps-width=\"892\" data-lbwps-height=\"631\" data-lbwps-srcsmall=\"https:\/\/bakiacil.com\/wp-content\/uploads\/2022\/07\/Domlasma.jpg\"><img loading=\"lazy\" decoding=\"async\" width=\"892\" height=\"631\" src=\"https:\/\/bakiacil.com\/wp-content\/uploads\/2022\/07\/Domlasma.jpg\" alt=\"\" class=\"wp-image-4206\" srcset=\"https:\/\/bakiacil.com\/wp-content\/uploads\/2022\/07\/Domlasma.jpg?v=1658009283 892w, https:\/\/bakiacil.com\/wp-content\/uploads\/2022\/07\/Domlasma-300x212.jpg?v=1658009283 300w, https:\/\/bakiacil.com\/wp-content\/uploads\/2022\/07\/Domlasma-768x543.jpg?v=1658009283 768w\" sizes=\"auto, (max-width: 892px) 100vw, 892px\" \/><\/a><figcaption><a>Foto <\/a>37 &#8211; Domla\u015fma (\u0130zmir Belediyesi, 1990).<\/figcaption><\/figure><\/div>\n\n\n<p><strong>\u015eiddetli Patlayan Volkanlar: <\/strong>Ciddi boyutta tefra p\u00fcsk\u00fcrmesi tehlikesine neden olurlar (Foto-38). \u00d6nemli miktarda volkan bloklar\u0131 ve bombalar\u0131 p\u00fcsk\u00fcrme merkezinin \u00e7evresinde 5 km \u00e7ap\u0131nda bir alan\u0131n i\u00e7ine d\u00fc\u015ferler.(\u015eekil-9)<\/p>\n\n\n\n<div class=\"wp-block-columns is-layout-flex wp-container-core-columns-is-layout-9d6595d7 wp-block-columns-is-layout-flex\">\n<div class=\"wp-block-column is-layout-flow wp-block-column-is-layout-flow\"><div class=\"wp-block-image\">\n<figure class=\"aligncenter size-full\"><a href=\"https:\/\/bakiacil.com\/wp-content\/uploads\/2022\/07\/Volkan-patlamasi.jpg\" data-lbwps-width=\"800\" data-lbwps-height=\"640\" data-lbwps-srcsmall=\"https:\/\/bakiacil.com\/wp-content\/uploads\/2022\/07\/Volkan-patlamasi.jpg\"><img loading=\"lazy\" decoding=\"async\" width=\"800\" height=\"640\" src=\"https:\/\/bakiacil.com\/wp-content\/uploads\/2022\/07\/Volkan-patlamasi.jpg\" alt=\"\" class=\"wp-image-4208\" srcset=\"https:\/\/bakiacil.com\/wp-content\/uploads\/2022\/07\/Volkan-patlamasi.jpg?v=1658009374 800w, https:\/\/bakiacil.com\/wp-content\/uploads\/2022\/07\/Volkan-patlamasi-300x240.jpg?v=1658009374 300w, https:\/\/bakiacil.com\/wp-content\/uploads\/2022\/07\/Volkan-patlamasi-768x614.jpg?v=1658009374 768w\" sizes=\"auto, (max-width: 800px) 100vw, 800px\" \/><\/a><figcaption><a>Foto <\/a>38 &#8211; Volkan patlamas\u0131 (Asama da\u011f\u0131, Japonya) (Rabattin, Rocher,1783).<\/figcaption><\/figure><\/div><\/div>\n\n\n\n<div class=\"wp-block-column is-layout-flow wp-block-column-is-layout-flow\"><div class=\"wp-block-image\">\n<figure class=\"aligncenter size-full is-resized\"><a href=\"https:\/\/bakiacil.com\/wp-content\/uploads\/2022\/07\/Volkan-olusum-ve-sonuclari.png\" data-lbwps-width=\"362\" data-lbwps-height=\"302\" data-lbwps-srcsmall=\"https:\/\/bakiacil.com\/wp-content\/uploads\/2022\/07\/Volkan-olusum-ve-sonuclari.png\"><img loading=\"lazy\" decoding=\"async\" src=\"https:\/\/bakiacil.com\/wp-content\/uploads\/2022\/07\/Volkan-olusum-ve-sonuclari.png\" alt=\"\" class=\"wp-image-4207\" width=\"507\" height=\"423\" srcset=\"https:\/\/bakiacil.com\/wp-content\/uploads\/2022\/07\/Volkan-olusum-ve-sonuclari.png?v=1658009328 362w, https:\/\/bakiacil.com\/wp-content\/uploads\/2022\/07\/Volkan-olusum-ve-sonuclari-300x250.png?v=1658009328 300w\" sizes=\"auto, (max-width: 507px) 100vw, 507px\" \/><\/a><figcaption><a>\u015eekil <\/a>9 &#8211; Volkan olu\u015fum ve sonu\u00e7lar\u0131.<\/figcaption><\/figure><\/div><\/div>\n<\/div>\n\n\n\n<p><strong>Volkan K\u00fclleri: <\/strong>En fazla yay\u0131lan malzeme olup, tar\u0131m alanlar\u0131n\u0131 kaplayabilir veya \u00f6rtebilir, mahsulleri tahrip edebilir, \u015febekeleri ve makineleri t\u0131kayabilir, mekanik aksamlarda ileri derecede y\u0131pranmaya yol a\u00e7abilir, hayvanlar\u0131n bo\u011fulmas\u0131na y\u00fcksek olmayan ve d\u00fcz \u00e7at\u0131larda a\u015f\u0131r\u0131 y\u00fcklere neden olabilir (Foto-39).<\/p>\n\n\n<div class=\"wp-block-image\">\n<figure class=\"aligncenter size-full is-resized\"><a href=\"https:\/\/bakiacil.com\/wp-content\/uploads\/2022\/07\/Volkanik-kayaclar.jpg\" data-lbwps-width=\"256\" data-lbwps-height=\"167\" data-lbwps-srcsmall=\"https:\/\/bakiacil.com\/wp-content\/uploads\/2022\/07\/Volkanik-kayaclar.jpg\"><img loading=\"lazy\" decoding=\"async\" src=\"https:\/\/bakiacil.com\/wp-content\/uploads\/2022\/07\/Volkanik-kayaclar.jpg\" alt=\"\" class=\"wp-image-4209\" width=\"574\" height=\"374\"\/><\/a><figcaption><a>Foto <\/a>39 &#8211; Volkanik kaya\u00e7lar (Atlas,2004).<\/figcaption><\/figure><\/div>\n\n\n<p><strong>Nues Ardentes-K\u0131zg\u0131n Bulutlar: <\/strong>600<sup>0<\/sup>C s\u0131cakl\u0131ktaki k\u00fcl, toz ve gaz kar\u0131\u015f\u0131m\u0131ndan olu\u015fan bulutlard\u0131r. Bunlar, 10 km uzakl\u0131\u011f\u0131ndaki mesafelere 100 km\/saat&#8217;lik h\u0131zlarla akabilirler.<\/p>\n\n\n\n<p>Daha geni\u015f ve y\u00f6nlenmi\u015f \u015fekilde olan ve havada as\u0131l\u0131 konumdaki kaya tozlar\u0131 ile gazlardan olu\u015fan ak\u0131nt\u0131lar k\u00fcl ak\u0131nt\u0131s\u0131 veya piroklastik ak\u0131nt\u0131 olarak adland\u0131r\u0131l\u0131rlar. Bunlar, 200 km\/saat&#8217;lik bir h\u0131zla 2.5 km&#8217;ye kadar olan uzakl\u0131klara akabilirler<br>Volkanik patlamalardan kaynaklanan hava kirlenmesi ve bununla ilgili riskler k\u00fcl yay\u0131l\u0131m\u0131yla s\u0131n\u0131rl\u0131 k\u0131l\u0131namaz (\u00f6rne\u011fin, volkan k\u00fcllerinin M.\u00d6. 79&#8217;da Pompei&#8217;deki kumsalda ya\u015fayanlar\u0131n \u00f6l\u00fcm\u00fcne neden oldu\u011fu d\u00fc\u015f\u00fcn\u00fclmektedir).<br>B\u00fcy\u00fck patlamalar ayr\u0131ca, 8-16 km y\u00fckseklikteki troposfer ile stratosfer aras\u0131ndaki s\u0131n\u0131ra ula\u015fan volkanic tozlar nedeniyle atmosferik de\u011fi\u015fimlere de neden olurlar. Volkanik \u00e7amur, Japonca&#8217;da kullan\u0131lan bir s\u00f6zc\u00fck olan lahar ile de ifade edilmekte olup, bunlar do\u011frudan patlamadan kaynaklanm\u0131\u015fsa birincil, e\u011fer ba\u015fka nedenlerden dolay\u0131 ise ikincil lahar ad\u0131 verilir (Foto-40). Laharlar volkanik patlama \u00f6ncesinde, s\u0131ras\u0131nda&nbsp; veya sonras\u0131nda meydana gelebilirler ve s\u0131cak veya so\u011fuk malzemeden olu\u015fabilirler(Foto-41,42). Volkanik patlamalar ilgili b\u00f6l\u00fcmde a\u00e7\u0131klanan tsunamilere de neden olabilirler (\u015eekil-10).<\/p>\n\n\n\n<div class=\"wp-block-columns is-layout-flex wp-container-core-columns-is-layout-9d6595d7 wp-block-columns-is-layout-flex\">\n<div class=\"wp-block-column is-layout-flow wp-block-column-is-layout-flow\"><div class=\"wp-block-image\">\n<figure class=\"aligncenter size-full is-resized\"><a href=\"https:\/\/bakiacil.com\/wp-content\/uploads\/2022\/07\/Camur-akmasi-1.jpg\" data-lbwps-width=\"400\" data-lbwps-height=\"300\" data-lbwps-srcsmall=\"https:\/\/bakiacil.com\/wp-content\/uploads\/2022\/07\/Camur-akmasi-1.jpg\"><img loading=\"lazy\" decoding=\"async\" src=\"https:\/\/bakiacil.com\/wp-content\/uploads\/2022\/07\/Camur-akmasi-1.jpg\" alt=\"\" class=\"wp-image-4210\" width=\"455\" height=\"341\" srcset=\"https:\/\/bakiacil.com\/wp-content\/uploads\/2022\/07\/Camur-akmasi-1.jpg?v=1658009544 400w, https:\/\/bakiacil.com\/wp-content\/uploads\/2022\/07\/Camur-akmasi-1-300x225.jpg?v=1658009544 300w\" sizes=\"auto, (max-width: 455px) 100vw, 455px\" \/><\/a><figcaption><a>Foto <\/a>40 &#8211; \u00c7amur akmas\u0131 (lahar) (OGDCAO, 2007).<\/figcaption><\/figure><\/div><\/div>\n\n\n\n<div class=\"wp-block-column is-layout-flow wp-block-column-is-layout-flow\"><div class=\"wp-block-image\">\n<figure class=\"aligncenter size-full\"><a href=\"https:\/\/bakiacil.com\/wp-content\/uploads\/2022\/07\/Akma-lahar.jpg\" data-lbwps-width=\"452\" data-lbwps-height=\"339\" data-lbwps-srcsmall=\"https:\/\/bakiacil.com\/wp-content\/uploads\/2022\/07\/Akma-lahar.jpg\"><img loading=\"lazy\" decoding=\"async\" width=\"452\" height=\"339\" src=\"https:\/\/bakiacil.com\/wp-content\/uploads\/2022\/07\/Akma-lahar.jpg\" alt=\"\" class=\"wp-image-4211\" srcset=\"https:\/\/bakiacil.com\/wp-content\/uploads\/2022\/07\/Akma-lahar.jpg?v=1658009565 452w, https:\/\/bakiacil.com\/wp-content\/uploads\/2022\/07\/Akma-lahar-300x225.jpg?v=1658009565 300w\" sizes=\"auto, (max-width: 452px) 100vw, 452px\" \/><\/a><figcaption><a>Foto <\/a>41 \u2013 Akma (lahar) (Baran, 2004).<\/figcaption><\/figure><\/div><\/div>\n<\/div>\n\n\n\n<div class=\"wp-block-columns is-layout-flex wp-container-core-columns-is-layout-9d6595d7 wp-block-columns-is-layout-flex\">\n<div class=\"wp-block-column is-layout-flow wp-block-column-is-layout-flow\"><div class=\"wp-block-image\">\n<figure class=\"aligncenter size-full\"><a href=\"https:\/\/bakiacil.com\/wp-content\/uploads\/2022\/07\/Dunyamizda-volkanlarin-dagilimlari.jpg\" data-lbwps-width=\"706\" data-lbwps-height=\"422\" data-lbwps-srcsmall=\"https:\/\/bakiacil.com\/wp-content\/uploads\/2022\/07\/Dunyamizda-volkanlarin-dagilimlari.jpg\"><img loading=\"lazy\" decoding=\"async\" width=\"706\" height=\"422\" src=\"https:\/\/bakiacil.com\/wp-content\/uploads\/2022\/07\/Dunyamizda-volkanlarin-dagilimlari.jpg\" alt=\"\" class=\"wp-image-4212\" srcset=\"https:\/\/bakiacil.com\/wp-content\/uploads\/2022\/07\/Dunyamizda-volkanlarin-dagilimlari.jpg?v=1658009581 706w, https:\/\/bakiacil.com\/wp-content\/uploads\/2022\/07\/Dunyamizda-volkanlarin-dagilimlari-300x179.jpg?v=1658009581 300w\" sizes=\"auto, (max-width: 706px) 100vw, 706px\" \/><\/a><figcaption><a>\u015eekil <\/a>10 &#8211; D\u00fcnyam\u0131zda volkanlar\u0131n da\u011f\u0131l\u0131mlar\u0131 (Atlas dergisi, 2004).<\/figcaption><\/figure><\/div><\/div>\n\n\n\n<div class=\"wp-block-column is-layout-flow wp-block-column-is-layout-flow\"><div class=\"wp-block-image\">\n<figure class=\"aligncenter size-full\"><a href=\"https:\/\/bakiacil.com\/wp-content\/uploads\/2022\/07\/Volkan-puskurmesi.jpg\" data-lbwps-width=\"500\" data-lbwps-height=\"279\" data-lbwps-srcsmall=\"https:\/\/bakiacil.com\/wp-content\/uploads\/2022\/07\/Volkan-puskurmesi.jpg\"><img loading=\"lazy\" decoding=\"async\" width=\"500\" height=\"279\" src=\"https:\/\/bakiacil.com\/wp-content\/uploads\/2022\/07\/Volkan-puskurmesi.jpg\" alt=\"\" class=\"wp-image-4213\" srcset=\"https:\/\/bakiacil.com\/wp-content\/uploads\/2022\/07\/Volkan-puskurmesi.jpg?v=1658009600 500w, https:\/\/bakiacil.com\/wp-content\/uploads\/2022\/07\/Volkan-puskurmesi-300x167.jpg?v=1658009600 300w\" sizes=\"auto, (max-width: 500px) 100vw, 500px\" \/><\/a><figcaption><a>Foto <\/a>42 &#8211; Volkan p\u00fcsk\u00fcrmesi (Nevruzo\u011flu, 1970).<\/figcaption><\/figure><\/div><\/div>\n<\/div>\n\n\n\n<h3 class=\"wp-block-heading\">B\u0130R VOLKANIN ETK\u0130N OLUP OLMADI\u011eINI ANLAMAK<\/h3>\n\n\n\n<p>\u015ea\u015f\u0131rt\u0131c\u0131 olsa da, volkanbilimciler, etkin yanarda\u011flar\u0131n s\u0131n\u0131fland\u0131r\u0131lmas\u0131nda fikir birli\u011fine varmam\u0131\u015flard\u0131r. Bir yanarda\u011f\u0131n ya\u015fam s\u00fcresi, birka\u00e7 aydan birka\u00e7 milyon y\u0131la kadar de\u011fi\u015febilir. Bu t\u00fcr bir s\u0131n\u0131fland\u0131rma yapmak, insanlar\u0131n, hatt\u00e2 bazen uygarl\u0131klar\u0131n bile varl\u0131k s\u00fcreleri g\u00f6z \u00f6n\u00fcne al\u0131nd\u0131\u011f\u0131nda anlams\u0131z g\u00f6r\u00fcnebilir. \u00d6rne\u011fin, D\u00fcnya&#8217;daki yanarda\u011flar\u0131n bir\u00e7o\u011fu, ge\u00e7en birka\u00e7 biny\u0131lda bir\u00e7ok kez p\u00fcsk\u00fcrm\u00fc\u015flerdir, ama g\u00fcn\u00fcm\u00fczde herhangi bir etkinlik g\u00f6stermemektedirler. Bu t\u00fcr yanarda\u011flar\u0131n uzun \u00f6m\u00fcrleri g\u00f6z \u00f6n\u00fcne al\u0131nd\u0131\u011f\u0131nda \u00e7ok etkin olduklar\u0131 s\u00f6ylenebilir. Ancak, bizim \u00f6m\u00fcrlerimiz d\u00fc\u015f\u00fcn\u00fcl\u00fcrse, etkin de\u011fildirler. Bu tan\u0131m\u0131 daha da karma\u015f\u0131kla\u015ft\u0131ran ise, harekete ge\u00e7en ama p\u00fcsk\u00fcrmeyen yanarda\u011flard\u0131r. Bu yanarda\u011flar etkin midir?<\/p>\n\n\n\n<p>Bilim adamlar\u0131 genellikle, p\u00fcsk\u00fcren ya da yeni gaz \u00e7\u0131k\u0131\u015flar\u0131 veya beklenmedik deprem etkinli\u011fi gibi hareketlilikler g\u00f6steren yanarda\u011flar\u0131 etkin olarak kabul ederler. Bir\u00e7ok bilim adam\u0131, yaz\u0131l\u0131 tarihte p\u00fcsk\u00fcrd\u00fc\u011f\u00fc bilinen yanarda\u011flar\u0131n da etkin oldu\u011funu kabul ederler. Yaz\u0131l\u0131 tarihin b\u00f6lgeden b\u00f6lgeye farkl\u0131l\u0131klar g\u00f6sterdi\u011fini, \u00f6rne\u011fin Akdeniz&#8217;de 3.000 y\u0131l geriye, ABD&#8217;nin Pasifik k\u0131y\u0131s\u0131nda 300 y\u0131l, Havai&#8217;de ise 200 y\u0131l geriye kadar gitti\u011fini g\u00f6z \u00f6n\u00fcnde bulundurmak gerekir.<\/p>\n\n\n\n<p>Uyuyan yanarda\u011flar, \u015fu an (yukar\u0131daki tan\u0131ma g\u00f6re) etkin olmayan, ama her an hareketlenmesi ya da patlamas\u0131 muhtemel yanarda\u011flard\u0131r.<\/p>\n\n\n\n<p>S\u00f6nm\u00fc\u015f yanarda\u011flar ise, bilim adamlar\u0131n\u0131n bir daha p\u00fcsk\u00fcrmelerini olas\u0131 g\u00f6rmedikleri yanarda\u011flard\u0131r. Bir yanarda\u011f\u0131n ger\u00e7ekten s\u00f6nm\u00fc\u015f olup olmad\u0131\u011f\u0131n\u0131n belirlenmesi zordur. \u00d6rne\u011fin, \u00e7anaklar\u0131n milyonlarca y\u0131ll\u0131k \u00f6m\u00fcrleri oldu\u011fu bilindi\u011finden, 10 binlerce y\u0131l p\u00fcsk\u00fcrmemi\u015f bir \u00e7ana\u011f\u0131n s\u00f6nm\u00fc\u015f de\u011fil uyuyan olarak tan\u0131mlanmas\u0131 gerekir. Yellowstone Ulusal park\u0131nda bulunan Yellowstone \u00e7ana\u011f\u0131<strong>,<\/strong> en az 2 milyon ya\u015f\u0131ndad\u0131r ve 70 bin y\u0131ldan beri hi\u00e7 p\u00fcsk\u00fcrmemi\u015ftir, fakat bilim adamlar\u0131 taraf\u0131ndan s\u00f6nm\u00fc\u015f olarak tan\u0131mlanmaz. Do\u011frusu, \u00e7anak s\u0131k s\u0131k depremler yaratt\u0131\u011f\u0131, etkin bir jeotermal sistemi bulundu\u011fu ve y\u00fczeyi h\u0131zl\u0131 de\u011fi\u015fti\u011fi i\u00e7in, bir\u00e7ok bilim adam\u0131 taraf\u0131ndan \u00e7ok etkin bir yanarda\u011f olarak kabul edilir (Nevuzo\u011flu,1990).<strong><br><\/strong><\/p>\n\n\n\n<h1 class=\"wp-block-heading\">KAPSAMLI DO\u011eAL AFET R\u0130SK Y\u00d6NET\u0130M\u0130<\/h1>\n\n\n\n<p>T\u00fcrkiye\u2019de son 70 y\u0131lda \u00e7e\u015fitli tehlikeler taraf\u0131ndan hasar g\u00f6ren konut say\u0131s\u0131 600.000 dolay\u0131ndad\u0131r. Bu toplam\u0131n %66\u2019s\u0131 depremlerden; %15\u2019i su bask\u0131nlar\u0131ndan, %10\u2019u yer kaymalar\u0131ndan, %7\u2019si kaya d\u00fc\u015fmelerinden ve %2\u2019si meteorolojik olaylardan ve \u00e7\u0131\u011f d\u00fc\u015fmelerinden kaynakl\u0131d\u0131r. Bu do\u011fal afetlerden can ve mal kayb\u0131 a\u00e7\u0131s\u0131ndan en \u00f6nemli olan\u0131 depremlerdir. T\u00fcrkiye, tektonik \u00f6zellikleri nedeniyle topraklar\u0131n\u0131n % 98\u2019i deprem riski alt\u0131nda bulunan bir \u00fclkedir. \u00dclkemizde meydana gelen depremler geli\u015fmi\u015f \u00fclkelere oranla daha fazla y\u0131k\u0131m ve can kayb\u0131na sebep olmaktad\u0131rlar. Depreme haz\u0131rl\u0131kl\u0131 olman\u0131n devlete y\u00fckledi\u011fi g\u00f6revler ba\u015fl\u0131ca iki b\u00f6l\u00fcmde toplan\u0131r. Birincisi, \u201cafet y\u00f6netimi\u201d ad\u0131 verilen, daha \u00e7ok deprem an\u0131nda ve depremin hemen ard\u0131ndan yap\u0131lacak acil kurtarma, tedavi, bar\u0131nma, yiyecek temini, yer hareketini kay\u0131t \u015febekesini kurma ve yang\u0131n s\u00f6nd\u00fcrme gibi \u00e7ok \u00e7e\u015fitli acil yard\u0131m ve haberle\u015fme operasyonlar\u0131 i\u00e7in gerekli e\u011fitim, malzeme ve te\u00e7hizat a\u00e7\u0131lar\u0131ndan haz\u0131rl\u0131klar\u0131 i\u00e7erir. Depreme haz\u0131rl\u0131kl\u0131 olman\u0131n devlete y\u00fckledi\u011fi ikinci \u00f6nemli g\u00f6rev ise \u201crisk y\u00f6netimi\u201d ad\u0131 verilen vedepremde can ve mal kayb\u0131n\u0131 en aza indirmek i\u00e7in yap\u0131lmas\u0131 gereken \u00e7al\u0131\u015fmalardan olu\u015fan k\u0131s\u0131md\u0131r. Bu \u00e7al\u0131\u015fmada \u00fclkemizde meydana gelen do\u011fal afetlerden en \u00f6nemlisi olan depremler i\u00e7in \u201cRisk Y\u00f6netimi\u201dnin uygulanmas\u0131 ile elde edilecek kazan\u0131mlar ortaya konulmaya \u00e7al\u0131\u015f\u0131lacakt\u0131r ( \u00d6zkul ve Erkan, 2007).<\/p>\n\n\n\n<p>\u00dclkemizde meydana gelen depremlerin geli\u015fmi\u015f \u00fclkelere oranla daha fazla y\u0131k\u0131m ve can kayb\u0131na sebep oldu\u011fu a\u00e7\u0131kt\u0131r. Bu depremler s\u0131ras\u0131nda \u00f6l\u00e7\u00fclen yer hareketi g\u00f6stergeleri genelde pek fazla olmamakla birlikte yap\u0131lar yeterli kapasiteye sahip olmad\u0131klar\u0131 i\u00e7in y\u0131k\u0131lmakta ve insanlar\u0131n can ve mal kayb\u0131na u\u011framalar\u0131na sebep olmaktad\u0131rlar. \u00dclkemizdeki g\u00fcnl\u00fck uygulamalarda kar\u015f\u0131la\u015f\u0131lan binalar\u0131n \u00e7o\u011funun, et\u00fct, planlama, tasar\u0131m, in\u015fa ve bak\u0131m evrelerinde herhangi bir yasal veya mesleki denetime tabi olmadan in\u015fa edildikleri ger\u00e7ekle\u015fen depremlerde olu\u015fan zararlardan ortaya \u00e7\u0131kmaktad\u0131r ( \u00d6zkul ve Erkan, 2007).<\/p>\n\n\n\n<p>Afetler; belirli bir co\u011frafi b\u00f6lgede nispeten aniden ortaya \u00e7\u0131kan, kolektif stres yaratan, \u00f6nemli \u00f6l\u00e7\u00fcde kay\u0131p yaratan ve toplumun ya\u015fant\u0131s\u0131n\u0131 sekteye u\u011fratan olaylard\u0131r ( \u00d6zkul ve Erkan, 2007).<\/p>\n\n\n\n<h2 class=\"wp-block-heading\">DEPREM R\u0130SK\u0130;<\/h2>\n\n\n\n<p>Depremler birer do\u011fa olay\u0131 olup, tek ba\u015flar\u0131na afet olarak de\u011fil \u201ctehlike\u201d olarak kabul edilmelidir. Yerle\u015fim birimi olmayan bir b\u00f6lgede meydana gelecek deprem herhangi bir can ve mal kayb\u0131na yol a\u00e7mayaca\u011f\u0131 i\u00e7in afet olarak kabul edilmez. Afet riski olabilmesi i\u00e7in tehlike unsurunun ve zarar g\u00f6rebilme \u00f6zelli\u011finin bulunmas\u0131 gerekir (\u015eekil-11,12) (\u00d6zkul ve Erkan, 2007).<\/p>\n\n\n<div class=\"wp-block-image\">\n<figure class=\"aligncenter size-full\"><a href=\"https:\/\/bakiacil.com\/wp-content\/uploads\/2022\/07\/Afet-Riski-Olusma-Sureci.jpg\" data-lbwps-width=\"509\" data-lbwps-height=\"317\" data-lbwps-srcsmall=\"https:\/\/bakiacil.com\/wp-content\/uploads\/2022\/07\/Afet-Riski-Olusma-Sureci.jpg\"><img loading=\"lazy\" decoding=\"async\" width=\"509\" height=\"317\" src=\"https:\/\/bakiacil.com\/wp-content\/uploads\/2022\/07\/Afet-Riski-Olusma-Sureci.jpg\" alt=\"\" class=\"wp-image-4214\" srcset=\"https:\/\/bakiacil.com\/wp-content\/uploads\/2022\/07\/Afet-Riski-Olusma-Sureci.jpg?v=1658009703 509w, https:\/\/bakiacil.com\/wp-content\/uploads\/2022\/07\/Afet-Riski-Olusma-Sureci-300x187.jpg?v=1658009703 300w\" sizes=\"auto, (max-width: 509px) 100vw, 509px\" \/><\/a><figcaption><a>\u015eekil <\/a>11 &#8211; Afet Riski Olu\u015fma S\u00fcreci (\u00d6zkul ve Erkan, 2007).<\/figcaption><\/figure><\/div>\n\n<div class=\"wp-block-image\">\n<figure class=\"aligncenter size-full\"><a href=\"https:\/\/bakiacil.com\/wp-content\/uploads\/2022\/07\/Tehlike-Zarar-Gorebilirlik-Risk-ve-Afet-Arasindaki-Iliski.jpg\" data-lbwps-width=\"840\" data-lbwps-height=\"431\" data-lbwps-srcsmall=\"https:\/\/bakiacil.com\/wp-content\/uploads\/2022\/07\/Tehlike-Zarar-Gorebilirlik-Risk-ve-Afet-Arasindaki-Iliski.jpg\"><img loading=\"lazy\" decoding=\"async\" width=\"840\" height=\"431\" src=\"https:\/\/bakiacil.com\/wp-content\/uploads\/2022\/07\/Tehlike-Zarar-Gorebilirlik-Risk-ve-Afet-Arasindaki-Iliski.jpg\" alt=\"\" class=\"wp-image-4215\" srcset=\"https:\/\/bakiacil.com\/wp-content\/uploads\/2022\/07\/Tehlike-Zarar-Gorebilirlik-Risk-ve-Afet-Arasindaki-Iliski.jpg?v=1658009723 840w, https:\/\/bakiacil.com\/wp-content\/uploads\/2022\/07\/Tehlike-Zarar-Gorebilirlik-Risk-ve-Afet-Arasindaki-Iliski-300x154.jpg?v=1658009723 300w, https:\/\/bakiacil.com\/wp-content\/uploads\/2022\/07\/Tehlike-Zarar-Gorebilirlik-Risk-ve-Afet-Arasindaki-Iliski-768x394.jpg?v=1658009723 768w\" sizes=\"auto, (max-width: 840px) 100vw, 840px\" \/><\/a><figcaption><a>\u015eekil <\/a>12 &#8211; Tehlike, Zarar G\u00f6rebilirlik Risk ve Afet Aras\u0131ndaki \u0130li\u015fki &nbsp;&nbsp;&nbsp;&nbsp;&nbsp;&nbsp;&nbsp;&nbsp;&nbsp;&nbsp;&nbsp;&nbsp;&nbsp;&nbsp;&nbsp;&nbsp;&nbsp;&nbsp;&nbsp;(\u00d6zkul ve Erkan, 2007).<\/figcaption><\/figure><\/div>\n\n\n<p>Risk, deprem y\u00f6netimi ba\u011flam\u0131nda, bir tehlikenin meydana gelmesi sonucunda olu\u015fabilecek kay\u0131plar olarak tan\u0131mlanabilir. Kentsel alanlarda n\u00fcfus, yap\u0131lar, kamusal hizmetler, sistemler ve sosyo-ekonomik etkiler \u201cRisk Alt\u0131ndaki Elemanlar\u201d\u0131 olu\u015fturur. Do\u011fal afetlerde risk de\u011ferlendirmesinin resmi tan\u0131m\u0131 Birle\u015fmi\u015f Milletler Afet Yard\u0131m Koordinat\u00f6rl\u00fc\u011f\u00fc (UNDRO- Office of United Nations Disaster Relief Co-ordinator) taraf\u0131ndan 1979 y\u0131l\u0131nda d\u00fczenlenen toplant\u0131s\u0131nda bilim adamlar\u0131nca yap\u0131lm\u0131\u015ft\u0131r. Buna g\u00f6re; Herhangi bir co\u011frafi alanda belirli bir zaman diliminde belirli bir tehlike kaynakl\u0131 olarak, tehlikenin ortalama tekrar d\u00f6nemi veri olarak al\u0131nd\u0131\u011f\u0131nda, beklenen kay\u0131p d\u00fczeyleri risk\u2019i olu\u015fturmaktad\u0131r [3]. \u00d6rne\u011fin, herhangi bir b\u00f6lgede herhangi bir zaman dilimi i\u00e7inde deprem kaynakl\u0131 olarak beklenen can kay\u0131plar\u0131n\u0131 hesaplamak i\u00e7in;<\/p>\n\n\n\n<p>1- O b\u00f6lge i\u00e7in deprem \u015fiddeti tekrar d\u00f6nemi;<\/p>\n\n\n\n<p>2- O b\u00f6lgede bina t\u00fcrlerinin da\u011f\u0131l\u0131m\u0131;<\/p>\n\n\n\n<p>3- Her bina t\u00fcr\u00fcn\u00fcn hasar g\u00f6rebilirlik i\u015flevi;<\/p>\n\n\n\n<p>4- Her bina t\u00fcr\u00fc i\u00e7in her hasar derecesinde beklenen can kay\u0131plar\u0131n\u0131n birle\u015ftirilmesi gerekir.<\/p>\n\n\n\n<p>Risk, tehlike, hasar g\u00f6rebilirlik ve risk alt\u0131ndaki elemanlar\u0131n bir kar\u0131\u015f\u0131m\u0131 olarak saptan\u0131r. Bu bile\u015fkelerden herhangi birindeki de\u011fi\u015fiklik, riski do\u011frudan etkiler. Risk Y\u00f6netimi; riskin tan\u0131mlanmas\u0131, risk analizi ve risk miktar\u0131n\u0131n belirlenmesinden olu\u015fan sistematik bir s\u00fcre\u00e7 olarak tan\u0131mlanmaktad\u0131r . Deprem riski, depremin bir b\u00f6lgeden ziyade bir ba\u015fka b\u00f6lgede olma ya da belli bir zaman aral\u0131\u011f\u0131nda belli bir b\u00f6lgede ortaya \u00e7\u0131kma olas\u0131l\u0131\u011f\u0131n\u0131n tahmini olarak tan\u0131mlanmaktad\u0131r (\u00d6zkul ve Erkan, 2007).<\/p>\n\n\n\n<h1 class=\"wp-block-heading\">R\u0130SK Y\u00d6NET\u0130M\u0130<\/h1>\n\n\n\n<p>Bir olay\u0131n meydana getirebilece\u011fi olumsuz sonu\u00e7lar\u0131n t\u00fcm\u00fcn\u00fc risk kavram\u0131n\u0131 olu\u015fturmaktad\u0131r. Risk kavram\u0131ndan bahsedebilmek i\u00e7in belirli bir yerde belirli bir b\u00fcy\u00fckl\u00fckte bir tehlike veya olay\u0131n olmas\u0131, mevcut de\u011ferlerin bundan zarar g\u00f6rmesi, etkilenme veya zarar g\u00f6rebilme oranlar\u0131n\u0131n tahmin edilebilir olmas\u0131 gerekir. Risk y\u00f6netimi ise, olas\u0131 afet durumlar\u0131n\u0131n belirlenmesi; olu\u015fma olas\u0131l\u0131klar\u0131n\u0131n de\u011ferlendirilmesi; risk alt\u0131ndaki topluluk \u00fczerindeki etkilerinin ne olabilece\u011finin saptanmas\u0131; risk azalt\u0131c\u0131 \u00f6l\u00e7\u00fctlerin belirlenmesi; tehdidi azalt\u0131c\u0131 politikalar\u0131n uygulamaya konulmas\u0131 gibi hususlar\u0131 i\u00e7ermektedir. Risk y\u00f6netimi; belirlenen tehlike ve risklerin, bir afet halini almadan atlat\u0131lmas\u0131 amac\u0131na y\u00f6nelik \u00f6nlem ve \u00e7al\u0131\u015fmalar\u0131n bir plan kapsam\u0131nda yerine getirilmesidir. Risk Y\u00f6netimi \u00e7al\u0131\u015fmas\u0131nda; tehlike ve riskler belirlenmekte, risk senaryolar\u0131 haz\u0131rlanmakta, korunma ve zarar azaltma \u00f6nlemleri se\u00e7ilmekte, sonu\u00e7lar g\u00fcncel haritalar ve grafiklere ortaya konmakta, kullan\u0131labilecek kaynak ve imk\u00e2nlar belirlenmekte, afetten korunma ve afet m\u00fcdahalesi i\u00e7in en uygun se\u00e7enek ve \u00f6ncelikler hakk\u0131nda kararlar al\u0131n\u0131p uygulamaya ge\u00e7ilmektedir (\u015eekil-13). Deprem \u00f6ncesinde ve sonras\u0131nda at\u0131lmas\u0131 gereken ad\u0131mlar\u0131 \u015eekil 4\u2019teki gibi \u00f6zetleyebiliriz. Burada deprem \u00f6ncesinde yap\u0131lmas\u0131 gereken \u00e7al\u0131\u015fmalar risk y\u00f6netimi, deprem sonras\u0131nda yap\u0131lan \u00e7al\u0131\u015fmalar afet y\u00f6netimi olarak adland\u0131r\u0131lmaktad\u0131r (\u00d6zkul ve Erkan, 2007).<\/p>\n\n\n<div class=\"wp-block-image\">\n<figure class=\"aligncenter size-full\"><a href=\"https:\/\/bakiacil.com\/wp-content\/uploads\/2022\/07\/Afet-oncesi-ve-sonrasi-.jpg\" data-lbwps-width=\"527\" data-lbwps-height=\"446\" data-lbwps-srcsmall=\"https:\/\/bakiacil.com\/wp-content\/uploads\/2022\/07\/Afet-oncesi-ve-sonrasi-.jpg\"><img loading=\"lazy\" decoding=\"async\" width=\"527\" height=\"446\" src=\"https:\/\/bakiacil.com\/wp-content\/uploads\/2022\/07\/Afet-oncesi-ve-sonrasi-.jpg\" alt=\"\" class=\"wp-image-4216\" srcset=\"https:\/\/bakiacil.com\/wp-content\/uploads\/2022\/07\/Afet-oncesi-ve-sonrasi-.jpg?v=1658009775 527w, https:\/\/bakiacil.com\/wp-content\/uploads\/2022\/07\/Afet-oncesi-ve-sonrasi--300x254.jpg?v=1658009775 300w\" sizes=\"auto, (max-width: 527px) 100vw, 527px\" \/><\/a><figcaption><a>\u015eekil <\/a>13 &#8211; Afet \u00f6ncesi ve sonras\u0131 (\u00d6zkul ve Erkan, 2007).<\/figcaption><\/figure><\/div>\n\n\n<p>Depremin sebep olabilece\u011fi etkiler \u00fc\u00e7 ana ba\u015fl\u0131k alt\u0131nda toplanmaktad\u0131r; Ekonomik zararlar, Fiziksel zararlar, Sosyal zararlar. Ekonomik zararlar, ekonomik ya\u015fam bi\u00e7imi ve ili\u015fkilerin nas\u0131l d\u00fczenlendi\u011fi, y\u00fcr\u00fct\u00fcld\u00fc\u011f\u00fc, \u00fcretim ve ge\u00e7im sa\u011flamayla ilgili imk\u00e2n ve kapasitelerin olas\u0131 deprem felaketinden etkilenmelerini kapsamakt\u0131r. Fiziksel zararlar; insan eliyle olu\u015fturulmu\u015f yap\u0131lar, altyap\u0131lar, \u00e7evre, tar\u0131m, sanayi, \u00fcretim vb. gibi unsurlar ile toplumlar\u0131n fiziksel kapasiteleriyle ilgili olas\u0131 afet etkilerini i\u00e7ermektedir. Sosyal zararlar; toplum n\u00fcfusu, n\u00fcfus yo\u011funlu\u011fu, ya\u015f ve cinsiyet oranlar\u0131, e\u011fitim ve k\u00fclt\u00fcr d\u00fczeyleri gibi olas\u0131 deprem etkilerini i\u00e7ermektedir. Deprem \u00f6ncesinde depreme haz\u0131rl\u0131k i\u00e7in ger\u00e7ekle\u015ftirilecek risk y\u00f6netimi \u00e7al\u0131\u015fmalar\u0131 bu \u00fc\u00e7 etkiyi azaltmaya y\u00f6nelik olacakt\u0131r (\u00d6zkul ve Erkan, 2007).<\/p>\n\n\n\n<h2 class=\"wp-block-heading\"><a>1.1.DEPREMLER \u0130\u00c7\u0130N R\u0130SK Y\u00d6NET\u0130M\u0130<\/a><\/h2>\n\n\n\n<p>Depreme haz\u0131rl\u0131kl\u0131 olman\u0131n devlete y\u00fckledi\u011fi g\u00f6revler ba\u015fl\u0131ca iki b\u00f6l\u00fcmde toplan\u0131r. Birincisi, \u201cafet y\u00f6netimi\u201d ad\u0131 verilen, daha \u00e7ok deprem an\u0131nda ve depremin hemen ard\u0131ndan yap\u0131lacak acil kurtarma, tedavi, bar\u0131nma, yiyecek temini, yer hareketini kay\u0131t \u015febekesini kurma ve yang\u0131n s\u00f6nd\u00fcrme gibi \u00e7ok \u00e7e\u015fitli acil yard\u0131m ve haberle\u015fme operasyonlar\u0131 i\u00e7in gerekli e\u011fitim, malzeme ve te\u00e7hizat a\u00e7\u0131lar\u0131ndan haz\u0131rl\u0131klar\u0131 i\u00e7erir. \u00d6zellikle 17 A\u011fustos 1999 depreminden sonra valilikler, yerel y\u00f6netimler, kamu kurulu\u015flar\u0131 ve \u00e7e\u015fitli sivil toplum \u00f6rg\u00fctleri \u201cafet y\u00f6netimi\u201d konusunda bilin\u00e7lenmi\u015flerdir ve ge\u00e7mi\u015fe oranla daha ba\u015far\u0131l\u0131 \u00e7al\u0131\u015fmalar yapmaktad\u0131rlar. Depreme haz\u0131rl\u0131kl\u0131 olman\u0131n devlete y\u00fckledi\u011fi ikinci \u00f6nemli g\u00f6rev ise \u201crisk y\u00f6netimi\u201d ad\u0131 verilen ve depremde can ve mal kayb\u0131n\u0131 en aza indirmek i\u00e7in yap\u0131lmas\u0131 gereken \u00e7al\u0131\u015fmalardan olu\u015fmaktad\u0131r. E\u011fer \u201crisk y\u00f6netimi\u201d konusunda tam bir ba\u015far\u0131 elde edilebilirse ve en az\u0131ndan depremden sonra binalar\u0131n depremi minimum hasar ile atlatmas\u0131 sa\u011flan\u0131r ve tamamen g\u00f6\u00e7mesi engellenebilirse \u201cafet y\u00f6netimi\u201d \u00e7al\u0131\u015fmalar\u0131n\u0131n b\u00fcy\u00fck bir k\u0131sm\u0131na ihtiya\u00e7 kalmayacakt\u0131r. \u201cRisk Y\u00f6netimi\u201d ba\u015fl\u0131ca \u00fc\u00e7 kategoride toplanabilir:<\/p>\n\n\n\n<p>a) E\u011fitim Haz\u0131rl\u0131klar\u0131<\/p>\n\n\n\n<p>b) Mevcut Yap\u0131lar\u0131n G\u00fc\u00e7lendirilmesi<\/p>\n\n\n\n<p>c) Yeni yap\u0131lar\u0131n g\u00fcvenli bir \u015fekilde in\u015fa edilmesi<\/p>\n\n\n\n<ol class=\"wp-block-list\" type=\"1\"><li><\/li><\/ol>\n\n\n\n<p>D\u00f6rt y\u0131ll\u0131k lisans e\u011fitimi ile in\u015faat m\u00fchendisi ve mimar yeti\u015ftiren yakla\u015f\u0131k 37 \u00fcniversitenin b\u00fcy\u00fck bir \u00e7o\u011funlu\u011funda \u201cDepreme Dayanakl\u0131 Yap\u0131 Tasar\u0131m\u0131\u201d dersi zorunlu olarak okutulmamaktad\u0131r. Baz\u0131 \u00fcniversitelerimizde bu konudaki dersler sadece se\u00e7melidir. Dolay\u0131s\u0131 ile mimar ve m\u00fchendislerimiz \u201cdepreme dayan\u0131kl\u0131 yap\u0131 tasar\u0131m\u0131\u201d konusunda yeterli bilgi ve beceri sahibi olmadan mezun olmaktad\u0131rlar. Bu eksikliklerin, meslek i\u00e7i kurslarla telafi edebilmek i\u00e7in yo\u011fun \u00e7aba sarf edilmelidir. Ayn\u0131 zamanda \u201cdepreme dayan\u0131kl\u0131 yap\u0131 tasar\u0131m\u0131\u201d dersinin i\u00e7eri\u011fi \u00fclkemizdeki t\u00fcm in\u015faat m\u00fchendisli\u011fi ve mimarl\u0131k b\u00f6l\u00fcmlerinden bilim adamlar\u0131n\u0131n ortak g\u00f6r\u00fc\u015fleri do\u011frultusunda belirlenmeli, bundan \u00f6nceki depremlerde olu\u015fan hasarlar\u0131n sebepleri irdelenmeli, yanl\u0131\u015flar ve hatalar \u00f6\u011frencilere aktar\u0131lmal\u0131d\u0131r ( \u00d6zkul ve Erkan, 2007).<\/p>\n\n\n\n<ol class=\"wp-block-list\" type=\"1\"><li><\/li><\/ol>\n\n\n\n<p>\u00dclkemizdeki yap\u0131 stokunun i\u00e7erisinde depreme dayan\u0131kl\u0131 olan binalar ile olmayanlar\u0131n ayr\u0131m\u0131 maalesef yine depremler sayesinde ortaya \u00e7\u0131kmaktad\u0131r. \u00d6zellikle son 15 y\u0131l i\u00e7erisindeki depremlerde \u00e7ok b\u00fcy\u00fck yaralar alm\u0131\u015f bir ulus olarak meydana gelecek yeni bir depremi beklemeden g\u00f6\u00e7me riski ta\u015f\u0131yan binalar\u0131 tespit etmemiz gerekmektedir. T\u00fcm yap\u0131lar\u0131n, k\u00f6pr\u00fc ve viyad\u00fcklerin istisnas\u0131z hepsinin g\u00fc\u00e7lendirilmesi m\u00fcmk\u00fcn de\u011fildir ancak ileri \u00fclkelerde \u201cG\u00f6\u00e7me riski ta\u015f\u0131yan binalar\u0131 bulup \u00e7\u0131kartma\u201d \u015feklinde uygulanan y\u00f6ntem ak\u0131lc\u0131 ve etkin bir y\u00f6ntemdir. Depremlerde, can kayb\u0131 ve yaralanmalar daima ya tamamen ya da k\u0131smen g\u00f6\u00e7en binalarda ger\u00e7ekle\u015fmektedir. Bu sebeple \u201cg\u00f6\u00e7me riskli\u201d binalar\u0131n tespit edilip g\u00fc\u00e7lendirilmesi sa\u011flanmal\u0131 ve \u00f6n\u00fcm\u00fczdeki g\u00fcnlerde olu\u015fabilecek muhtemel depremlerde can kay\u0131plar\u0131 en aza, hatta s\u0131f\u0131ra indirilmelidir ( \u00d6zkul ve Erkan, 2007).<\/p>\n\n\n\n<ol class=\"wp-block-list\" type=\"1\"><li>&nbsp;<a>Yeni Yap\u0131lar\u0131n G\u00fcvenli Bir \u015eekilde \u0130n\u015fa Edilmesi<\/a><\/li><\/ol>\n\n\n\n<p>\u00d6zellikle 1999 Marmara depreminden sonra depreme dayan\u0131kl\u0131 yap\u0131 te\u015fkil edilmesi konusunda olduk\u00e7a ilerleme kaydedilmi\u015ftir. Halk\u0131m\u0131z\u0131n deprem konusunda daha \u00e7ok bilin\u00e7lenmesi ile art\u0131k konut edinmek isteyenler dairenin kap\u0131s\u0131, fayans\u0131, boyas\u0131 gibi ince i\u015fler yarine, yap\u0131n\u0131n deprem g\u00fcvenli olmas\u0131na dikkat etmektedirler. \u00d6zellikle haz\u0131r beton kullan\u0131m\u0131n\u0131n zorunlu hale getirilmesi ile beton kalitesinde iyile\u015fme oldu\u011fu s\u00f6ylenebilir. Depreme dayan\u0131kl\u0131 yap\u0131 tasar\u0131m\u0131nda dikkat edilmesi gereken \u00fc\u00e7 \u00f6nemli nokta vard\u0131r, tasar\u0131m uygulama ve denetim. Tasar\u0131m a\u015famas\u0131nda yap\u0131y\u0131 te\u015fkil edecek mimar ve m\u00fchendisin uyumlu \u015fekilde hareket etmesi \u00e7ok \u00f6nemlidir. Genellikle m\u00fchendislerimizin yapt\u0131\u011f\u0131 hatalar mimari kayg\u0131lar sebebiyle ta\u015f\u0131y\u0131c\u0131 sistemi olmas\u0131 gerekti\u011fi gibi tasarlayamamalar\u0131ndan kaynaklanmaktad\u0131r. M\u00fchendislerimizin tasar\u0131m a\u015famas\u0131nda dikkat etmeleri gereken noktalar\u0131 kabaca \u015fu \u015fekilde s\u0131ralayabiliriz; ( \u00d6zkul ve Erkan, 2007)<\/p>\n\n\n\n<p>\u2022 G\u00fc\u00e7l\u00fc Kolon-Zay\u0131f Kiri\u015f se\u00e7ilmesi<\/p>\n\n\n\n<p>\u2022 Depremden sonra yap\u0131n\u0131n hizmete sokulabilmesi i\u00e7in yatay rijitili\u011fin b\u00fcy\u00fck olmas\u0131. (Deplasman kontrol\u00fc).<\/p>\n\n\n\n<p>\u2022 \u00c7er\u00e7eve sistemler yerine, perde yada, \u00e7er\u00e7eve-perde sistem te\u015fkili.<\/p>\n\n\n\n<p>\u2022 Ta\u015f\u0131y\u0131c\u0131 elemanlar\u0131n ve y\u00fck da\u011f\u0131l\u0131m\u0131n\u0131n yap\u0131da burulma olu\u015fturmayacak \u015fekilde tasarlanmas\u0131.<\/p>\n\n\n\n<p>\u2022 Kolon-Kiri\u015f birle\u015fimlerinde \u00e7er\u00e7eve olu\u015fturulmas\u0131 (S\u00fcreklilik Kavram\u0131).<\/p>\n\n\n\n<p>\u2022 Gereksiz a\u011f\u0131r k\u00fctlelerden ka\u00e7\u0131n\u0131lmas\u0131.<\/p>\n\n\n\n<p>\u2022 A\u011f\u0131r cephe ask\u0131lar\u0131n\u0131n\/panellerinin kullan\u0131lmamas\u0131.<\/p>\n\n\n\n<p>\u2022 K\u0131sa kolon olu\u015fumuna sebebiyet verilmemesi.<\/p>\n\n\n\n<p>\u2022 Tehlike kat\u0131 olu\u015fumunun engellenmesi.<\/p>\n\n\n\n<p>\u2022 Biti\u015fik nizam yap\u0131 te\u015fkil edilmemesi, iki yap\u0131 aras\u0131nda g\u00fcvenli mesafe b\u0131rak\u0131lmas\u0131.<\/p>\n\n\n\n<p>\u2022 Kolonlar\u0131n konsollara oturmas\u0131n\u0131n engellenmesi.<\/p>\n\n\n\n<p>\u2022 U\u00e7 b\u00f6lgelerde etriye s\u0131kla\u015ft\u0131rmas\u0131 yap\u0131lmas\u0131.<\/p>\n\n\n\n<p>\u2022 Yap\u0131da yatay ve d\u00fc\u015fey d\u00fczensizliklerin m\u00fcmk\u00fcn oldu\u011fu kadar bulunmamas\u0131.<\/p>\n\n\n\n<p>\u2022 Zemin et\u00fcd\u00fcn\u00fcn do\u011fru \u015fekilde yap\u0131lmas\u0131.<\/p>\n\n\n\n<p>\u2022 Temel veya \u00fcst katlarda titre\u015fim izolasyonu ve s\u00f6nd\u00fcr\u00fcc\u00fcler kullan\u0131lmas\u0131.<\/p>\n\n\n\n<p>Deprem g\u00fcvenli olarak tasarlanm\u0131\u015f bir yap\u0131n\u0131n uygulama a\u015famas\u0131nda projede \u00f6ng\u00f6r\u00fclen de\u011ferleri t\u00fcm\u00fcyle sa\u011flamas\u0131 gerekmektedir. Bu konuda yap\u0131y\u0131 tasarlayan m\u00fchendise d\u00fc\u015fen g\u00f6rev yap\u0131n\u0131n in\u015fas\u0131 s\u0131ras\u0131nda her a\u015famada kontrol ederek projenin do\u011fru \u015fekilde te\u015fkil edilmesini sa\u011flamakt\u0131r. Depreme dayan\u0131kl\u0131 yap\u0131 tasar\u0131m\u0131n\u0131n son unsuru ise denetimdir. Yap\u0131y\u0131 do\u011fru \u015fekilde tasarlay\u0131p in\u015fas\u0131n\u0131n do\u011fru \u015fekilde uygulanmas\u0131n\u0131 sa\u011flayan m\u00fchendisin denetlenmesi, projenin do\u011fru \u015fekilde te\u015fkil edildi\u011finin saptanmas\u0131 gerekmektedir. Bu ama\u00e7la kurulan yap\u0131 denetim firmalar\u0131n\u0131n da devlet ve in\u015faat m\u00fchendisleri odas\u0131 taraf\u0131ndan s\u0131k\u0131 \u015fekilde denetlenmesi yeni yap\u0131lacak yap\u0131lar\u0131n deprem g\u00fcvenli olarak in\u015fa edilmesini sa\u011flayacakt\u0131r ( \u00d6zkul ve Erkan, 2007).<\/p>\n\n\n\n<h1 class=\"wp-block-heading\">SONU\u00c7LAR<\/h1>\n\n\n\n<p>Topraklar\u0131n\u0131n %98\u2019i Deprem riski alt\u0131nda bulunan \u00fclkemizde ne yaz\u0131k ki, depremler a\u00e7\u0131s\u0131ndan bir devlet politikas\u0131 olu\u015fturulamam\u0131\u015f, depreme y\u00f6nelik geni\u015f kapsaml\u0131 bir e\u011fitim, gerek \u00fcniversitelerde gerekse sekt\u00f6rde \u00e7al\u0131\u015fan teknik personel i\u00e7in y\u00fcr\u00fct\u00fclememi\u015ftir. Yeniden d\u00fczenlenen deprem y\u00f6netmeli\u011finin hizmet i\u00e7i e\u011fitimler vas\u0131tas\u0131yla sekt\u00f6rdeki m\u00fchendislere yeterince aktar\u0131lamam\u0131\u015f oldu\u011fu d\u00fc\u015f\u00fcn\u00fclmektedir. Yap\u0131sal kurallara uymayan tasar\u0131m ve uygulamalarla olu\u015fan mevcut yap\u0131 stokumuz incelenip herhangi bir depremde t\u00fcm\u00fcyle y\u0131k\u0131laca\u011f\u0131 d\u00fc\u015f\u00fcn\u00fclen binalar\u0131n g\u00fc\u00e7lendirilmesi yada y\u0131k\u0131l\u0131p yeniden yap\u0131lmas\u0131 i\u00e7in herhangi bir \u00e7al\u0131\u015fma yap\u0131lmam\u0131\u015ft\u0131r. &nbsp;Maalesef \u00fclkemizde depreme dayan\u0131kl\u0131 yap\u0131lar ile depreme dayan\u0131kl\u0131 olmayan yap\u0131lar\u0131n ayr\u0131m\u0131n\u0131 yine depremlerin kendisi belirlemektedir. Bu sebeple acilen mevcut yap\u0131 stokunun t\u00fcm\u00fc de\u011ferlendirilmeli ve olas\u0131 depremde hasar g\u00f6recek binalar bo\u015falt\u0131larak g\u00fc\u00e7lendirilmeli ya da y\u0131k\u0131l\u0131p yeniden yap\u0131lmal\u0131d\u0131r. E\u011fer \u201crisk y\u00f6netimi\u201d konusunda tam bir ba\u015far\u0131 elde edilebilirse ve en az\u0131ndan depremden sonra binalar\u0131n depremi minimum hasar ile atlatmas\u0131 sa\u011flan\u0131r ve tamamen g\u00f6\u00e7mesi engellenebilirse \u201cafet y\u00f6netimi\u201d \u00e7al\u0131\u015fmalar\u0131n\u0131n b\u00fcy\u00fck bir k\u0131sm\u0131na ihtiya\u00e7 kalmayacakt\u0131r. Do\u011fal nedenlerden \u00f6t\u00fcr\u00fc depremlerden ka\u00e7man\u0131n olanaks\u0131zl\u0131\u011f\u0131 d\u00fc\u015f\u00fcn\u00fcld\u00fc\u011f\u00fcnde, sorunun haz\u0131rl\u0131k ve \u00f6nceden planlama konusunda yo\u011funla\u015ft\u0131\u011f\u0131 g\u00f6r\u00fclmektedir. Depremleri olabildi\u011fince az hasarl\u0131 atlatmak ve deprem sonras\u0131 yap\u0131lmas\u0131 gereken \u00e7al\u0131\u015fmalar\u0131n ba\u015far\u0131l\u0131 olmas\u0131 da yine deprem \u00f6ncesi yap\u0131lacak \u00e7al\u0131\u015fmalar\u0131n ba\u015far\u0131s\u0131na ba\u011fl\u0131d\u0131r. Unutulmamal\u0131d\u0131r ki insan hayat\u0131n\u0131n bedeli hi\u00e7bir \u015fekilde \u00f6denemez, o y\u00fczden bundan sonraki depremlerde can kayb\u0131 ya\u015fanmas\u0131n\u0131 \u00f6nlemek i\u00e7in devletin \u00fczerine d\u00fc\u015fen g\u00f6revleri eksiksiz olarak yapmas\u0131 gereklili\u011fi a\u00e7\u0131kt\u0131r. Risk y\u00f6netimi devletin depremler konusunda uygulamas\u0131 gereken politikan\u0131n en \u00f6nemli noktas\u0131n\u0131 olu\u015fturmaktad\u0131r ( \u00d6zkul ve Erkan, 2007).<strong><br><\/strong><\/p>\n\n\n\n<h1 class=\"wp-block-heading\">KAYNAKLAR<\/h1>\n\n\n\n<p><strong>ABD TAKV\u0130M GAZETES\u0130.,<\/strong> 2005. Kaya d\u00fc\u015fmesi.<\/p>\n\n\n\n<p><strong>AFET AR\u015e\u0130V\u0130.,<\/strong> 2008.<\/p>\n\n\n\n<p><strong>ANATOLIAN,<\/strong> 1999. Adapazar\u0131\u2019nda s\u0131v\u0131la\u015fma nedeniyle geriye yatm\u0131\u015f bir bina.<\/p>\n\n\n\n<p><strong>ATE\u015e.,<\/strong> 2002. Sel ak\u0131nt\u0131lar\u0131n\u0131n G\u00fcc\u00fc.<\/p>\n\n\n\n<p><strong>ATLAS DERG\u0130S\u0130.,<\/strong> 2004. D\u00fcnyam\u0131zda Volkanlar\u0131n da\u011f\u0131l\u0131mlar\u0131.<\/p>\n\n\n\n<p><strong>BARAN.,<\/strong> 2006. Sel ak\u0131nt\u0131lar\u0131n\u0131n g\u00fcc\u00fc.<\/p>\n\n\n\n<p><strong>B\u0130L\u0130M VE TEKN\u0130K.,<\/strong> 1997.\u00c7\u0131\u011f felaketi.<\/p>\n\n\n\n<p><strong>\u00c7EL\u0130K,<\/strong> 2004. Akma T\u00fcrleri.<\/p>\n\n\n\n<p><strong>\u00c7EVRE VE ORMAN BAKANLI\u011eI., <\/strong>1999. \u00c7\u00f6lle\u015fme.<\/p>\n\n\n\n<p><strong>DAD,<\/strong> 2001. Depremde y\u0131k\u0131lan yap\u0131 say\u0131 verileri<\/p>\n\n\n\n<p><strong>DEUTSHCE WELLE., <\/strong>2007. Amazon ormanlar\u0131n\u0131n \u00e7\u00f6lle\u015fmesi.<\/p>\n\n\n\n<p><strong>DM\u0130., <\/strong>1998. Hidrolojik kurakl\u0131k.<\/p>\n\n\n\n<p><strong>D\u00d6NEKL\u0130.,<\/strong> 2004. K\u00fctle hareketleri \u015fekilleri ve \u00c7amur akmas\u0131.<\/p>\n\n\n\n<p><strong>ED\u0130RNE BELED\u0130YES\u0130.,<\/strong> 2006. Nehir ta\u015fk\u0131n\u0131.<\/p>\n\n\n\n<p><strong>EDWARD.,<\/strong> 2004. Lav ak\u0131nt\u0131s\u0131.<\/p>\n\n\n\n<p><strong>ERDO\u011eAN.,<\/strong> 2007. Barajlar\u0131n kurumas\u0131.<\/p>\n\n\n\n<p><strong>ERTU\u011eRUL.,<\/strong> 2004. Kayma A\u00e7\u0131s\u0131 Ve D\u00fczlemleri<\/p>\n\n\n\n<p><strong>G\u00dcM\u00dc\u015eHANE BELED\u0130YES\u0130.,<\/strong> 2005. Kaya d\u00fc\u015fmesi<\/p>\n\n\n\n<p><strong>\u0130NTERNETHABER.COM,.<\/strong> 2007. Barajlar\u0131n dolmas\u0131<\/p>\n\n\n\n<p><strong>\u0130ZM\u0130R BELED\u0130YES\u0130.,<\/strong> 1990. Domla\u015fma.<\/p>\n\n\n\n<p><strong>JMO.,<\/strong> 2005. Toprak kaymas\u0131.<\/p>\n\n\n\n<p><strong>KILI\u00c7.,<\/strong> 2004. Devrilme T\u00fcrleri.<\/p>\n\n\n\n<p><strong>LEARN-HAZARDS,<\/strong> 2008. Do\u011fal afetler kaynaklar\u0131.<\/p>\n\n\n\n<p><strong>MER\u0130N BELED\u0130YES\u0130.,<\/strong> 2007. G\u00f6\u00e7me olu\u015fumu.<\/p>\n\n\n\n<p><strong>MURAT.,<\/strong> 2007. Akma<\/p>\n\n\n\n<p><strong>NAT\u0130ONAL WETHER SERV\u0130CE.,<\/strong> 2007<strong>. <\/strong>Tsunami olu\u015fum<\/p>\n\n\n\n<p><strong>NEVRUZO\u011eLU ,<\/strong> 1970. Volkan p\u00fcsk\u00fcrmesi.<\/p>\n\n\n\n<p><strong>NTVMSNBS.,<\/strong> 2007. Tabakalar\u0131n istiflenmesi ve kurakl\u0131k, (Konya)<\/p>\n\n\n\n<p><strong>OGDCAO.,<\/strong> 2007. \u00c7amur akmas\u0131 (lahar)<\/p>\n\n\n\n<p><strong>OZTA\u015eKIN.,<\/strong> 2005. Heyelan<\/p>\n\n\n\n<p><strong>\u00d6ZKUL,B., ERKAN, A.,<\/strong> 2007. Risk Y\u00f6netimi.<\/p>\n\n\n\n<p><strong>RABATT\u0130N VE ROCHER., <\/strong>1783. Volkan patlamas\u0131 (Asama da\u011f\u0131,Japonya).<\/p>\n\n\n\n<p><strong>SHIELD,<\/strong> 2007. Ne zaman, Ne kadar deprem olabilir?<\/p>\n\n\n\n<p><strong>SIZINTI<\/strong>., 2007. Heyelan risk haritalar\u0131.<\/p>\n\n\n\n<p><strong>S\u0130V\u0130L SAVUNMA, DO\u011eALAFETLER VE ARAMA KURTARMA., <\/strong>2008. Sel potansiyeli.<\/p>\n\n\n\n<p><strong>STERN RAPORU., <\/strong>2006. Kurakl\u0131k ve susuz kalan canl\u0131lar.<\/p>\n\n\n\n<p><strong>\u015eENOL.,<\/strong> 2007. Fabrikalardan \u00e7\u0131kan zehirli gazlar k\u00fcresel \u0131s\u0131nmaya etkileri.<\/p>\n\n\n\n<p><strong>TMMOB JEOLOJ\u0130 M\u00dcHEND\u0130SLER\u0130 ODASI.,<\/strong> 2006. Volkanik da\u011flar Uzay<\/p>\n\n\n\n<p><strong>FOTO\u011eRAFI HABER AJANSLARI.,<\/strong> 2008. Mars da \u00e7\u0131\u011f d\u00fc\u015fmesi.<\/p>\n\n\n\n<p><strong>TRT.,<\/strong> 2008. A\u015f\u0131r\u0131 doygun zeminin kaymas\u0131.<\/p>\n\n\n\n<p><strong>VARNES.,<\/strong> 1978. K\u00fctle hareketleri s\u0131n\u0131fland\u0131rmas\u0131.<\/p>\n\n\n\n<p><strong>W\u0130K\u0130PED\u0130A.,<\/strong> 2007. G\u00f6\u00e7meler ve Toprak kaymalar\u0131.<\/p>\n\n\n\n<p><strong>W\u0130LH\u0130TE VE GLANTZ .,<\/strong> 1987. Belirgin kurakl\u0131k tipleri.<\/p>\n\n\n\n<p><strong>WWW.B\u0130L\u0130M.B\u0130Z.,<\/strong> 2006. Heyelan sonucunda yama\u00e7larda olu\u015fan basamaklar.<\/p>\n\n\n\n<p><strong>WWW.D\u0130YAD\u0130N.NET,<\/strong> 2007. B\u00fcy\u00fck heyelanlar\u0131n topografyada b\u0131rakt\u0131klar\u0131 izler.<\/p>\n\n\n\n<p><strong>WWW.METEOR. GOV.TR.,<\/strong> 1998. \u00c7\u0131\u011f olu\u015fan b\u00f6lgeler.<\/p>\n\n\n\n<p><strong>WWW.MUSTAFAERY\u0130G\u0130T.COM,<\/strong> 2007. Sel riski<\/p>\n\n\n\n<p><strong>YILMAZ.,<\/strong> 2007. Kutuplardaki buzullar\u0131n toplu eriyi\u015fleri.<\/p>\n\n\n\n<p><strong>YUM\u0130.,<\/strong> 2007. \u015eehrin dalgalara teslimi.<\/p>\n\n\n\n<p><strong>Z\u0130N.,<\/strong> 2002. \u00c7\u0131\u011f.<\/p>\n\n\n\n<p><\/p>\n\n\n\n<p><\/p>\n\n\n\n<p><\/p>\n\n\n\n<p><\/p>\n\n\n\n<p><\/p>\n","protected":false},"excerpt":{"rendered":"<p>This passage discusses the effects of various disasters, particularly earthquakes, that Turkey has been exposed to. Earthquakes are the most common natural disaster that Turkey experiences and are still known to cause the most damage. In addition to earthquakes, other natural disasters pose a risk for Turkey, including landslides, rockfalls, river floods, avalanches, and more.<\/p>","protected":false},"author":1,"featured_media":4374,"comment_status":"open","ping_status":"open","sticky":false,"template":"","format":"standard","meta":{"advanced_seo_description":"","jetpack_seo_html_title":"","jetpack_seo_noindex":false,"_kadence_starter_templates_imported_post":false,"_kad_post_transparent":"","_kad_post_title":"","_kad_post_layout":"","_kad_post_sidebar_id":"","_kad_post_content_style":"","_kad_post_vertical_padding":"","_kad_post_feature":"","_kad_post_feature_position":"","_kad_post_header":false,"_kad_post_footer":false,"_kad_post_classname":"","jetpack_post_was_ever_published":false,"_jetpack_newsletter_access":"","_jetpack_dont_email_post_to_subs":false,"_jetpack_newsletter_tier_id":0,"_jetpack_memberships_contains_paywalled_content":false,"_jetpack_memberships_contains_paid_content":false,"footnotes":"","jetpack_publicize_message":"","jetpack_publicize_feature_enabled":true,"jetpack_social_post_already_shared":true,"jetpack_social_options":{"image_generator_settings":{"template":"highway","default_image_id":0,"font":"","enabled":false},"version":2}},"categories":[3],"tags":[431,440,433,435,430,436,434,437,445,443,439,441,429,438,432,442,447,446,444],"class_list":["post-4156","post","type-post","status-publish","format-standard","has-post-thumbnail","hentry","category-tunelden-ofise","tag-afetler","tag-collesme","tag-deprem","tag-depremler","tag-dogal","tag-helanlar","tag-heyan","tag-hidrolojik","tag-ihanet","tag-jeolojik-risk","tag-kuraklik","tag-kuresel-isinma","tag-risk-nedir","tag-taskinlari","tag-tsunami","tag-volkanlar","tag-yer-bilimi","tag-yerbilimi","tag-yokolus"],"jetpack_publicize_connections":[],"jetpack_featured_media_url":"https:\/\/bakiacil.com\/wp-content\/uploads\/2022\/08\/20220806_145707-01-scaled.jpeg?v=1661204964","jetpack_sharing_enabled":true,"jetpack_shortlink":"https:\/\/wp.me\/p9zVBf-152","jetpack_likes_enabled":true,"_links":{"self":[{"href":"https:\/\/bakiacil.com\/en\/wp-json\/wp\/v2\/posts\/4156","targetHints":{"allow":["GET"]}}],"collection":[{"href":"https:\/\/bakiacil.com\/en\/wp-json\/wp\/v2\/posts"}],"about":[{"href":"https:\/\/bakiacil.com\/en\/wp-json\/wp\/v2\/types\/post"}],"author":[{"embeddable":true,"href":"https:\/\/bakiacil.com\/en\/wp-json\/wp\/v2\/users\/1"}],"replies":[{"embeddable":true,"href":"https:\/\/bakiacil.com\/en\/wp-json\/wp\/v2\/comments?post=4156"}],"version-history":[{"count":13,"href":"https:\/\/bakiacil.com\/en\/wp-json\/wp\/v2\/posts\/4156\/revisions"}],"predecessor-version":[{"id":4454,"href":"https:\/\/bakiacil.com\/en\/wp-json\/wp\/v2\/posts\/4156\/revisions\/4454"}],"wp:featuredmedia":[{"embeddable":true,"href":"https:\/\/bakiacil.com\/en\/wp-json\/wp\/v2\/media\/4374"}],"wp:attachment":[{"href":"https:\/\/bakiacil.com\/en\/wp-json\/wp\/v2\/media?parent=4156"}],"wp:term":[{"taxonomy":"category","embeddable":true,"href":"https:\/\/bakiacil.com\/en\/wp-json\/wp\/v2\/categories?post=4156"},{"taxonomy":"post_tag","embeddable":true,"href":"https:\/\/bakiacil.com\/en\/wp-json\/wp\/v2\/tags?post=4156"}],"curies":[{"name":"wp","href":"https:\/\/api.w.org\/{rel}","templated":true}]}}