{"id":997,"date":"2014-11-22T17:23:03","date_gmt":"2014-11-22T14:23:03","guid":{"rendered":"https:\/\/bakiacil.com\/?p=997"},"modified":"2021-08-16T23:30:35","modified_gmt":"2021-08-16T20:30:35","slug":"bonzai-ye-hayir-tgb","status":"publish","type":"post","link":"https:\/\/bakiacil.com\/en\/bonzai-ye-hayir-tgb.html","title":{"rendered":"Bonzai ye Hay\u0131r &#8211; TGB"},"content":{"rendered":"<p>Tuzla&#8217;da Gen\u00e7lik uyu\u015fturucuya kar\u015f\u0131 kampanya ba\u015flatt\u0131. Bu kapsamda uyu\u015fturucuya kar\u015f\u0131, bilimle, sanatla, sporla ya\u015fanmas\u0131 gerekti\u011fi vurguland\u0131&#8230; Yurt genelinde TLB&#8217;nin ba\u015flat\u0131\u011f\u0131 Uyu\u015fturucuya kar\u015f\u0131 sporla #ya\u015fa kampanyas\u0131 \u00e7er\u00e7evesinde Tuzlan\u0131n yerel tak\u0131m\u0131 #Jumbospor ve #TgbTuzla&#8217;n\u0131n ev sahipli\u011fiyapaca\u011f\u0131 ma\u00e7ta uyu\u015fturucuya kar\u015f\u0131 birlikteli\u011fimizi , g\u00f6stermek hedefleniyor&#8230;Gencecik fidanlar, \u00e7ocuklar\u0131m\u0131z karde\u015flerimiz, bonzai den \u00f6lmesin diye Birlikte m\u00fccadele i\u00e7in bulu\u015fuyoruz&#8230; Uyu\u015fturucu kullan\u0131m\u0131 ortaokullara kadar d\u00fc\u015ferken, ailelerde tedirginlik artt\u0131. Uyu\u015fturucunun okullarda giderek yayg\u0131nla\u015fmas\u0131, son aylarda bonzai kullan\u0131m\u0131 nedeniyle \u00e7ok say\u0131da gencin ya\u015fam\u0131n\u0131 yitirmesi, TUZLA gen\u00e7li\u011fini harekete ge\u00e7irdi&#8230;<\/p>\n\n\n\n<!--more-->\n\n\n\n<div class=\"wp-block-getwid-advanced-heading has-custom-font-size\" style=\"font-size:22px\"><span class=\"wp-block-getwid-advanced-heading__content\" style=\"font-family:&quot;ABeeZee&quot;;font-weight:normal\"><strong>Yer : <\/strong>tuzla sahil belediye spor tesisleri (sera kafe yan\u0131) 9 kas\u0131m pazar g\u00fcn\u00fc 17:00 -18:00<\/span><\/div>\n\n\n\n<h3 class=\"has-bright-red-color has-text-color wp-block-heading\">Unutmamak gerekir uyu\u015fturucu ile m\u00fccadele EMPERYAL\u0130ZME kar\u015f\u0131 verilen m\u00fccadeledir.<\/h3>\n\n\n\n<h2 class=\"wp-block-heading\"><strong>Bu g\u00fczel etkinlik i\u00e7in TGB yi ve Jumbo Spor\u2019u kutluyorum Dr.Cevat Uyan\u0131<\/strong>k<\/h2>\n\n\n\n<p>TGB-Tuzla &#8211; JUMBOSPOR etkinli\u011fi Tuzla kamuoyundan da ses getirdi. Bir \u00e7ok kitle \u00f6rg\u00fct\u00fc \u00f6nderi, yerel bas\u0131n, esnaf, zanaatkar\u0131n aralar\u0131nda bulundu\u011fu kesimlerden destek ya\u011fd\u0131. \u0130\u015fte o destek mesajlar\u0131ndan baz\u0131lar\u0131: <em><strong>Emk.Alb.Atilla U\u011fur<\/strong><\/em> Arkada\u015flar,k\u0131sa s\u00fcre \u00f6nce TLB nin \u00fclke \u00e7ap\u0131nda ba\u015flatt\u0131\u011f\u0131 &#8220;uyu\u015fturucuya kar\u015f\u0131 bilim ve spor ile m\u00fccadele&#8221;kampanyas\u0131nda Tuzla Tgb,Tuzla Jumbo spor ile sahaya \u00e7\u0131k\u0131yor,i\u015fte adaml\u0131k,i\u015fte uyu\u015fturucu belas\u0131 ile m\u00fccadele,i\u015fte vatanseverlik budur.Bu onurlu duru\u015fu sayg\u0131 ile selaml\u0131yorum.<\/p>\n\n\n\n<h2 class=\"wp-block-heading\"><em><strong>Jumbo Spor Ba\u015fkan\u0131 Hakan K\u0131l\u0131\u00e7<\/strong><\/em> <\/h2>\n\n\n\n<p>her zaman birlik beraberlik olmam\u0131z ad\u0131na bu g\u00fczel projede olmaktan mutluluk duyuyoruz. Jumbospor olarak gen\u00e7lerin her zaman yan\u0131nda ve arkas\u0131nda oldu\u011fumuzu bilmelerini isteriz. Bu bize b\u00fcy\u00fck bir mutluluk ve onur veriyor.. bu semtin g\u00fczel gen\u00e7leri, g\u00fczel insanlar\u0131 gelsinler, spor yaps\u0131nlar, ma\u00e7 yaps\u0131nlar, bu k\u00f6t\u00fc al\u0131\u015fkanl\u0131ktan el birli\u011fiyle uzak dural\u0131m..<\/p>\n\n\n\n<blockquote class=\"wp-block-quote is-layout-flow wp-block-quote-is-layout-flow\"><p>Gen\u00e7lerimizi zehirleyen bu illetten kurtulman\u0131n yolu anne babalar\u0131 e\u011fitmektir. Ebeveynler benim \u00e7ocu\u011fum yapmaz zihniyetinden kurtulmad\u0131\u011f\u0131 s\u00fcrece \u00e7ocuklar\u0131na da faydal\u0131 olamazlar. TGB-TLB Tuzla\u2019ya bu etkinli\u011finde ADD Tuzla \u015eube Ba\u015fkan\u0131 cani g\u00f6n\u00fclden destek veriyorum\u2019\u2019<\/p><cite><span class=\"has-inline-color has-yellow-color\"><em><strong>ADD Tuzla \u015eube Ba\u015fkan\u0131 \u015eeng\u00fcl \u00d6zpa\u011fada:<\/strong><\/em> \u2018\u2019<\/span><\/cite><\/blockquote>\n\n\n\n<h2 class=\"wp-block-heading\"><strong><em>\u0130P Tuzla \u0130l\u00e7e Ba\u015fkan\u0131 Musa Tanr\u0131kulu:<\/em><\/strong> \u2018\u2019<\/h2>\n\n\n\n<p>\u00d6ncelikle bu organizasyonu ger\u00e7ekle\u015ftirecek olan TGB-TLB Tuzla ve Jumbospor\u2019u kutluyorum. Kar\u015f\u0131la\u015fman\u0131n dostluk i\u00e7inde ge\u00e7mesini dilerim ancak kazanmak i\u00e7in de her iki taraf\u0131n sonuna kadar m\u00fccadele etmesini bekliyorum. Gen\u00e7ler aras\u0131ndaki bu dostluk ma\u00e7\u0131n\u0131n Tuzla halk\u0131n\u0131n birli\u011fi ve beraberli\u011fine katk\u0131 sunaca\u011f\u0131n\u0131 d\u00fc\u015f\u00fcn\u00fcyorum. \u0130yi ki vars\u0131n\u0131z gen\u00e7ler, elinize sa\u011fl\u0131k.\u2019\u2019<\/p>\n\n\n\n<h2 class=\"wp-block-heading\"><em><strong>MHP E. Tuzla \u0130l\u00e7e Ba\u015fkan\u0131 Hamit \u015eahino\u011flu:<\/strong><\/em> \u2018\u2019<\/h2>\n\n\n\n<p>Bonzaiye ve uyusturucuya kar\u015f\u0131 ne gerekiyorsa herkes gibi \u00fczerimize ne d\u00fc\u015ferse haz\u0131r\u0131z. Yeterki gelece\u011fimizin teminat\u0131 olan gen\u00e7lerimiz bilin\u00e7lensin, ailelerinin kar\u015f\u0131s\u0131nda \u00e7ocuklar\u0131 eriyip gitmesin bu d\u00fc\u015f\u00fcncenizden dolay\u0131 te\u015fekk\u00fcrlerimi ve sayg\u0131lar\u0131m\u0131 sunuyorum.\u2019\u2019<\/p>\n\n\n\n<blockquote class=\"wp-block-quote is-layout-flow wp-block-quote-is-layout-flow\"><p>Gen\u00e7lerin madde kullanmaya ba\u015flamas\u0131n\u0131 \u00f6nlemede sporun, sosyal \u00e7evrenin ve sevginin \u00f6nemi tart\u0131\u015f\u0131lmaz bir ger\u00e7ektir. Bu \u00f6nemli m\u00fccadelede sunabilece\u011fim her t\u00fcrl\u00fc katk\u0131ya haz\u0131r oldu\u011fumun bilinmesini isterim. Uyu\u015fturucu ve Bonzai kullan\u0131m\u0131na kar\u015f\u0131 fark\u0131ndal\u0131k yaratmak amac\u0131yla d\u00fczenlenen ma\u00e7 nedeniyle, Tuzla\u2019n\u0131n yerel tak\u0131m\u0131 Jumbospor ve TGB- TLB Tuzla&#8217;ya ve bu m\u00fccadeleye katk\u0131 sunan herkese te\u015fekk\u00fcrler. \u0130yi ki vars\u0131n\u0131z.!\u2019\u2019<\/p><cite><span class=\"has-inline-color has-yellow-color\"><em><strong>CHP tan\u0131nan emek\u00e7isi avukat Av. Hatice Bayram:<\/strong><\/em> \u2018\u2019<\/span><\/cite><\/blockquote>\n\n\n\n<h2 class=\"wp-block-heading\"><em><strong>Tuzla Yorum Gazetesi Genel Yay\u0131n Y\u00f6netmeni Mustafa Ka\u00e7ar:<\/strong><\/em> \u2018\u2019  <\/h2>\n\n\n\n<p> Son zamanlarda \u00f6zellikle de gen\u00e7ler aras\u0131nda yayg\u0131nla\u015fan uyu\u015fturucu kullan\u0131m\u0131na Tuzla gen\u00e7li\u011fi de tepkisiz kalmad\u0131. T\u00fcm Tuzla\u2019l\u0131lar\u0131 ve uyu\u015fturucu kar\u015f\u0131tlar\u0131n\u0131 ma\u00e7a davet ediyoruz.<\/p>\n\n\n\n<blockquote class=\"wp-block-quote is-layout-flow wp-block-quote-is-layout-flow\"><p>\u00c7ocuklar\u0131 uyu\u015fturucudan kurtarmak, bula\u015fmas\u0131n\u0131 engellemek sadece yasal zeminde olmas\u0131 gereken bir durum de\u011fil. Bu konuda velilere, \u00f6zellikle okullardaki e\u011fitimci arkada\u015flara b\u00fcy\u00fck g\u00f6revler d\u00fc\u015fmekte. Nihayetinde m\u00fccadelesini yapmak elbette kanun nezdinde emniyet g\u00fc\u00e7lerine ait bir g\u00f6rev. Ama \u00e7ocuklar\u0131n bu \u015fekilde bu olu\u015fumlar\u0131n i\u00e7erisinde bulundu\u011fu izlenimini veren her t\u00fcrl\u00fc olu\u015fumda ailelerin yakinen \u00e7ocuklar\u0131n\u0131 takip ve kontrol etmeleri b\u00fcy\u00fck \u00f6nem arz etmekte. Gen\u00e7leri bu illetten uzak tutmak i\u00e7in sosyal projelerin art\u0131r\u0131lmas\u0131 ve gen\u00e7lerin sporun ve \u00e7e\u015fitli etkinliklerin i\u00e7erisine \u00e7ekilmesi gerekir\u2026Bu ama\u00e7la Tuzla\u2019n\u0131n yerel tak\u0131m\u0131 Jumbospor ile TGB Tuzla\u2019n\u0131n aras\u0131nda yapaca\u011f\u0131 ma\u00e7 il\u00e7emiz i\u00e7in \u00e7ok \u00f6nem arz etmekte. Uyu\u015fturucuya kar\u015f\u0131 durmak anlam\u0131nda dikkat \u00e7ekmek ve birlikteli\u011fi g\u00f6stermek ad\u0131na Jumbospor ve TGB Tuzla\u2019y\u0131 tebrik ediyorum\u2026\u201d<\/p><cite><span class=\"has-inline-color has-yellow-color\"><em><strong>Tuzla Olay Gazetesi Genel Yay\u0131n Y\u00f6netmeni Murat Ba\u015ftepe:<\/strong><\/em> \u201c<\/span><\/cite><\/blockquote>\n\n\n\n<h2 class=\"wp-block-heading\"><em><strong>Tuzla Sosyal Dayan\u0131\u015fma ve Yard\u0131mla\u015fma Derne\u011fi Ba\u015fkan\u0131 Nursen Temizel:<\/strong> <\/em>\u2018\u2019<\/h2>\n\n\n\n<p>Sen \u00e7ok k\u0131ymetlisin, bonzaiye teslim olma, sev ve \u015fark\u0131 s\u00f6yle. \u00dclkemizi y\u00f6netenler,\u00e7ocuklar\u0131m\u0131z\u0131n \u00f6lmesine seyirci kalmay\u0131n.\u2019\u2019<\/p>\n\n\n\n<blockquote class=\"wp-block-quote is-layout-flow wp-block-quote-is-layout-flow\"><p>Jumbospor\u2019a ve TGB- TLB Tuzla&#8217;ya ve bu m\u00fccadeleye katk\u0131 sunan herkese te\u015fekk\u00fcrler. TGB s\u00fcrekli att\u0131klar\u0131 o slogan\u0131n hakk\u0131n\u0131 veriyor ger\u00e7ekten: Atat\u00fcrk gen\u00e7li\u011fi g\u00f6rev ba\u015f\u0131nda.\u2019\u2019<\/p><cite><span class=\"has-inline-color has-yellow-color\"><em><strong>Cengiz Filiz \u2013 Esnaf:<\/strong><\/em> \u2018\u2019<\/span><\/cite><\/blockquote>\n\n\n\n<h2 class=\"wp-block-heading\"><em><strong>\u00d6nder Aslan \u2013 M\u00fchendis:<\/strong><\/em> \u2018&#8217;<\/h2>\n\n\n\n<p>Vakit varken sizde destek verin bu \u00e7ocuklar, bu d\u00fc\u015fman, bu dert hepimizin.&#8217;\u2019<\/p>\n\n\n\n<blockquote class=\"wp-block-quote is-layout-flow wp-block-quote-is-layout-flow\"><p> \u2018\u2019 TGB-TLB gen\u00e7li\u011finin uyu\u015fturucuya kar\u015f\u0131 ba\u015flatt\u0131\u011f\u0131 kampanyay\u0131 bizde Tuzlaspor Taraftarlar Derne\u011fi olarak destekliyoruz ve \u00fczerimize d\u00fc\u015feni fazlas\u0131yla yapaca\u011f\u0131m\u0131z\u0131 bilmelerini istiyor ve sayg\u0131lar\u0131m\u0131z\u0131 sunuyoruz.\u2019\u2019<\/p><cite><span class=\"has-inline-color has-yellow-color\"><em><strong>Tuzlaspor Taraftarlar Derne\u011fi Ba\u015fkan Yrd. Mert Erkut:<\/strong><\/em> \u2018\u2019<\/span><\/cite><\/blockquote>\n\n\n\n<p>Kampanyam\u0131z i\u00e7in haz\u0131rlanan \u00e7a\u011fr\u0131 videosu \u00e7al\u0131\u015fmam.<\/p>\n\n\n\n<figure class=\"wp-block-embed is-type-video is-provider-youtube wp-block-embed-youtube wp-embed-aspect-16-9 wp-has-aspect-ratio\"><div class=\"wp-block-embed__wrapper\">\n<span class=\"embed-youtube\" style=\"text-align:center; display: block;\"><iframe loading=\"lazy\" class=\"youtube-player\" width=\"1080\" height=\"608\" src=\"https:\/\/www.youtube.com\/embed\/soRRHU6tuLU?version=3&#038;rel=1&#038;showsearch=0&#038;showinfo=1&#038;iv_load_policy=1&#038;fs=1&#038;hl=en-US&#038;autohide=2&#038;wmode=transparent\" allowfullscreen=\"true\" style=\"border:0;\" sandbox=\"allow-scripts allow-same-origin allow-popups allow-presentation allow-popups-to-escape-sandbox\"><\/iframe><\/span>\n<\/div><\/figure>\n\n\n\n<p><\/p>","protected":false},"excerpt":{"rendered":"<p>Tuzla&#8217;da Gen\u00e7lik uyu\u015fturucuya kar\u015f\u0131 kampanya ba\u015flatt\u0131. Bu kapsamda uyu\u015fturucuya kar\u015f\u0131, bilimle, sanatla, sporla ya\u015fanmas\u0131 gerekti\u011fi vurguland\u0131&#8230; Yurt genelinde TLB&#8217;nin ba\u015flat\u0131\u011f\u0131 Uyu\u015fturucuya kar\u015f\u0131 sporla #ya\u015fa kampanyas\u0131 \u00e7er\u00e7evesinde Tuzlan\u0131n yerel tak\u0131m\u0131 #Jumbospor ve #TgbTuzla&#8217;n\u0131n ev sahipli\u011fiyapaca\u011f\u0131 ma\u00e7ta uyu\u015fturucuya kar\u015f\u0131 birlikteli\u011fimizi , g\u00f6stermek hedefleniyor&#8230;Gencecik fidanlar, \u00e7ocuklar\u0131m\u0131z karde\u015flerimiz, bonzai den \u00f6lmesin diye Birlikte m\u00fccadele i\u00e7in bulu\u015fuyoruz&#8230; Uyu\u015fturucu kullan\u0131m\u0131 ortaokullara&#8230;<\/p>","protected":false},"author":1,"featured_media":999,"comment_status":"open","ping_status":"open","sticky":false,"template":"","format":"standard","meta":{"advanced_seo_description":"","jetpack_seo_html_title":"","jetpack_seo_noindex":false,"_kadence_starter_templates_imported_post":false,"_kad_post_transparent":"","_kad_post_title":"","_kad_post_layout":"","_kad_post_sidebar_id":"","_kad_post_content_style":"","_kad_post_vertical_padding":"","_kad_post_feature":"","_kad_post_feature_position":"","_kad_post_header":false,"_kad_post_footer":false,"_kad_post_classname":"","jetpack_post_was_ever_published":false,"_jetpack_newsletter_access":"","_jetpack_dont_email_post_to_subs":false,"_jetpack_newsletter_tier_id":0,"_jetpack_memberships_contains_paywalled_content":false,"_jetpack_memberships_contains_paid_content":false,"footnotes":"","jetpack_publicize_message":"","jetpack_publicize_feature_enabled":true,"jetpack_social_post_already_shared":false,"jetpack_social_options":{"image_generator_settings":{"template":"highway","default_image_id":0,"font":"","enabled":false},"version":2}},"categories":[150,111],"tags":[185,191,190,187,194,189,199,196,193,195,197,198,188,192,186],"class_list":["post-997","post","type-post","status-publish","format-standard","has-post-thumbnail","hentry","category-gezi-rehberi","category-portfolio-dizayn","tag-bonzaiye-hayir","tag-cevat-uyanik","tag-hakan-kilic","tag-hali","tag-hamit-sahinoglu","tag-maci","tag-mert-erkut","tag-murat-bastepe","tag-musa-tanrikulu","tag-mustafa-kacar","tag-nursel-temizel","tag-onder-aslan","tag-saha","tag-sengul-ozpagda","tag-spor"],"jetpack_publicize_connections":[],"jetpack_featured_media_url":"https:\/\/bakiacil.com\/wp-content\/uploads\/2014\/11\/yasa-tgb-tuzla-bonzai-kampanya-e1518642986890.jpg","jetpack_sharing_enabled":true,"jetpack_shortlink":"https:\/\/wp.me\/p9zVBf-g5","jetpack_likes_enabled":true,"_links":{"self":[{"href":"https:\/\/bakiacil.com\/en\/wp-json\/wp\/v2\/posts\/997","targetHints":{"allow":["GET"]}}],"collection":[{"href":"https:\/\/bakiacil.com\/en\/wp-json\/wp\/v2\/posts"}],"about":[{"href":"https:\/\/bakiacil.com\/en\/wp-json\/wp\/v2\/types\/post"}],"author":[{"embeddable":true,"href":"https:\/\/bakiacil.com\/en\/wp-json\/wp\/v2\/users\/1"}],"replies":[{"embeddable":true,"href":"https:\/\/bakiacil.com\/en\/wp-json\/wp\/v2\/comments?post=997"}],"version-history":[{"count":3,"href":"https:\/\/bakiacil.com\/en\/wp-json\/wp\/v2\/posts\/997\/revisions"}],"predecessor-version":[{"id":3368,"href":"https:\/\/bakiacil.com\/en\/wp-json\/wp\/v2\/posts\/997\/revisions\/3368"}],"wp:featuredmedia":[{"embeddable":true,"href":"https:\/\/bakiacil.com\/en\/wp-json\/wp\/v2\/media\/999"}],"wp:attachment":[{"href":"https:\/\/bakiacil.com\/en\/wp-json\/wp\/v2\/media?parent=997"}],"wp:term":[{"taxonomy":"category","embeddable":true,"href":"https:\/\/bakiacil.com\/en\/wp-json\/wp\/v2\/categories?post=997"},{"taxonomy":"post_tag","embeddable":true,"href":"https:\/\/bakiacil.com\/en\/wp-json\/wp\/v2\/tags?post=997"}],"curies":[{"name":"wp","href":"https:\/\/api.w.org\/{rel}","templated":true}]}}